{"id":3215,"date":"2019-12-06T14:30:06","date_gmt":"2019-12-06T17:30:06","guid":{"rendered":"http:\/\/oasisfm935.com\/site\/?p=3215"},"modified":"2019-12-06T14:30:48","modified_gmt":"2019-12-06T17:30:48","slug":"nueva-camioneta-para-policia-de-ingeniero-luiggi","status":"publish","type":"post","link":"https:\/\/oasisfm935.com.ar\/site\/nueva-camioneta-para-policia-de-ingeniero-luiggi\/","title":{"rendered":"Nueva camioneta para Polic\u00eda de Ingeniero Luiggi ."},"content":{"rendered":"<p class=\"lead nota-detalle-bajada\">El jefe de Polic\u00eda, Roberto Ayala destac\u00f3 que en los cuatro a\u00f1os de gesti\u00f3n se han incorporado 178 unidades, que representan el 30% del parque automotor de la instituci\u00f3n. \u201cEntre ellos se encuentran motocicletas, autom\u00f3viles, camionetas, veh\u00edculos de gran porte, utilitarios, gr\u00faas, entre otros\u201d.<\/p>\n<div class=\"nota-detalle-cuerpo\">\n<p>El acto se desarroll\u00f3 esta ma\u00f1ana en el Instituto Superior Policial de Santa Rosa y cont\u00f3 con la presencia del ministro de Seguridad de la Provincia, Julio Gonz\u00e1lez, el jefe de Polic\u00eda, Roberto Ayala, el subjefe, H\u00e9ctor Lara, el\u00a0 intendentes de Ingeniero Luiggi, Oscar Zanoli,<\/p>\n<p>Con una\u00a0inversi\u00f3n total de $18.699.800, el Gobierno provincial entreg\u00f3 10 camionetas 4&#215;2 2,5 nafta. Los veh\u00edculos ser\u00e1n destinados a las Unidades de Cuchillo C\u00f3, Doblas, General San Mart\u00edn, Guatrach\u00e9, Ingeniero Luiggi, La Maruja, Miguel Riglos, Realic\u00f3, Victorica y 25 de Mayo.<\/p>\n<p><a href=\"http:\/\/oasisfm935.com\/site\/wp-content\/uploads\/2019\/12\/724721_nfd_5835.jpg\"><img loading=\"lazy\" decoding=\"async\" class=\"alignnone size-full wp-image-3217\" src=\"http:\/\/oasisfm935.com\/site\/wp-content\/uploads\/2019\/12\/724721_nfd_5835.jpg\" alt=\"\" width=\"974\" height=\"650\" srcset=\"https:\/\/oasisfm935.com.ar\/site\/wp-content\/uploads\/2019\/12\/724721_nfd_5835.jpg 974w, https:\/\/oasisfm935.com.ar\/site\/wp-content\/uploads\/2019\/12\/724721_nfd_5835-300x200.jpg 300w, https:\/\/oasisfm935.com.ar\/site\/wp-content\/uploads\/2019\/12\/724721_nfd_5835-768x513.jpg 768w\" sizes=\"auto, (max-width: 974px) 100vw, 974px\" \/><\/a><\/p>\n<p>Ayala remarc\u00f3 que el Gobierno de La Pampa, a trav\u00e9s de esta entrega realiza el compromiso con el programa de seguridad de la Polic\u00eda y convalida que con esta inversi\u00f3n se aporta para mejorar la calidad de vida de los vecinos de todas las localidades.<br \/>\n\u201cLa inseguridad es un flagelo que requiere atenci\u00f3n y lucha permanente, exige la voluntad y la decisi\u00f3n de hacerle frente. Y el Estado provincial asume esa funci\u00f3n, asistiendo a toda la sociedad. Por eso es fundamental contar con los recursos log\u00edsticos necesarios. Estas camionetas equipadas ser\u00e1n afectadas a servicios urbanos y especialmente a servicios rurales de seguridad\u201d, cont\u00f3.<\/p>\n<p><a href=\"http:\/\/oasisfm935.com\/site\/wp-content\/uploads\/2019\/12\/747716_nfd_5840.jpg\"><img loading=\"lazy\" decoding=\"async\" class=\"alignnone size-full wp-image-3218\" src=\"http:\/\/oasisfm935.com\/site\/wp-content\/uploads\/2019\/12\/747716_nfd_5840.jpg\" alt=\"\" width=\"1000\" height=\"667\" srcset=\"https:\/\/oasisfm935.com.ar\/site\/wp-content\/uploads\/2019\/12\/747716_nfd_5840.jpg 1000w, https:\/\/oasisfm935.com.ar\/site\/wp-content\/uploads\/2019\/12\/747716_nfd_5840-300x200.jpg 300w, https:\/\/oasisfm935.com.ar\/site\/wp-content\/uploads\/2019\/12\/747716_nfd_5840-768x512.jpg 768w\" sizes=\"auto, (max-width: 1000px) 100vw, 1000px\" \/><\/a><\/p>\n<\/div>\n<audio class=\"wp-audio-shortcode\" id=\"audio-3215-1\" preload=\"none\" style=\"width: 100%;\" controls=\"controls\"><source type=\"audio\/mpeg\" src=\"https:\/\/apn.lapampa.gob.ar\/files\/audio\/7315050_06-12-19-ayala---entregaron-10-camionetas-0km-a-la-policia.mp3?_=1\" \/><a href=\"https:\/\/apn.lapampa.gob.ar\/files\/audio\/7315050_06-12-19-ayala---entregaron-10-camionetas-0km-a-la-policia.mp3\">https:\/\/apn.lapampa.gob.ar\/files\/audio\/7315050_06-12-19-ayala---entregaron-10-camionetas-0km-a-la-policia.mp3<\/a><\/audio>\n<div class=\"oasis-despues-del-contenido\" id=\"oasis-3902763400\"><img loading=\"lazy\" decoding=\"async\" src=\"https:\/\/oasisfm935.com.ar\/site\/wp-content\/uploads\/2020\/08\/47806202-8741-49f2-a5c9-d2f930e5baa1.jpg\" alt=\"\"  srcset=\"https:\/\/oasisfm935.com.ar\/site\/wp-content\/uploads\/2020\/08\/47806202-8741-49f2-a5c9-d2f930e5baa1.jpg 1080w, https:\/\/oasisfm935.com.ar\/site\/wp-content\/uploads\/2020\/08\/47806202-8741-49f2-a5c9-d2f930e5baa1-300x300.jpg 300w, https:\/\/oasisfm935.com.ar\/site\/wp-content\/uploads\/2020\/08\/47806202-8741-49f2-a5c9-d2f930e5baa1-1024x1024.jpg 1024w, https:\/\/oasisfm935.com.ar\/site\/wp-content\/uploads\/2020\/08\/47806202-8741-49f2-a5c9-d2f930e5baa1-150x150.jpg 150w, https:\/\/oasisfm935.com.ar\/site\/wp-content\/uploads\/2020\/08\/47806202-8741-49f2-a5c9-d2f930e5baa1-768x768.jpg 768w\" sizes=\"(max-width: 1080px) 100vw, 1080px\" class=\"no-lazyload\" width=\"1080\" height=\"1080\"  style=\"display: inline-block;\" \/><\/div>","protected":false},"excerpt":{"rendered":"<p>El jefe de Polic\u00eda, Roberto Ayala destac\u00f3 que en los cuatro a\u00f1os de gesti\u00f3n se han incorporado 178 unidades, que representan el<\/p>\n","protected":false},"author":4,"featured_media":3216,"comment_status":"closed","ping_status":"open","sticky":false,"template":"","format":"standard","meta":{"colormag_page_layout":"default_layout","footnotes":""},"categories":[2],"tags":[],"class_list":["post-3215","post","type-post","status-publish","format-standard","has-post-thumbnail","hentry","category-noticias"],"_links":{"self":[{"href":"https:\/\/oasisfm935.com.ar\/site\/wp-json\/wp\/v2\/posts\/3215","targetHints":{"allow":["GET"]}}],"collection":[{"href":"https:\/\/oasisfm935.com.ar\/site\/wp-json\/wp\/v2\/posts"}],"about":[{"href":"https:\/\/oasisfm935.com.ar\/site\/wp-json\/wp\/v2\/types\/post"}],"author":[{"embeddable":true,"href":"https:\/\/oasisfm935.com.ar\/site\/wp-json\/wp\/v2\/users\/4"}],"replies":[{"embeddable":true,"href":"https:\/\/oasisfm935.com.ar\/site\/wp-json\/wp\/v2\/comments?post=3215"}],"version-history":[{"count":2,"href":"https:\/\/oasisfm935.com.ar\/site\/wp-json\/wp\/v2\/posts\/3215\/revisions"}],"predecessor-version":[{"id":3220,"href":"https:\/\/oasisfm935.com.ar\/site\/wp-json\/wp\/v2\/posts\/3215\/revisions\/3220"}],"wp:featuredmedia":[{"embeddable":true,"href":"https:\/\/oasisfm935.com.ar\/site\/wp-json\/wp\/v2\/media\/3216"}],"wp:attachment":[{"href":"https:\/\/oasisfm935.com.ar\/site\/wp-json\/wp\/v2\/media?parent=3215"}],"wp:term":[{"taxonomy":"category","embeddable":true,"href":"https:\/\/oasisfm935.com.ar\/site\/wp-json\/wp\/v2\/categories?post=3215"},{"taxonomy":"post_tag","embeddable":true,"href":"https:\/\/oasisfm935.com.ar\/site\/wp-json\/wp\/v2\/tags?post=3215"}],"curies":[{"name":"wp","href":"https:\/\/api.w.org\/{rel}","templated":true}]}}