{"id":322,"date":"2019-01-15T12:38:40","date_gmt":"2019-01-15T15:38:40","guid":{"rendered":"http:\/\/oasisfm935.com\/site\/?p=322"},"modified":"2019-01-15T12:41:09","modified_gmt":"2019-01-15T15:41:09","slug":"retienen-una-camioneta-que-circulaba-con-5-perros-y-sin-documentacion","status":"publish","type":"post","link":"https:\/\/oasisfm935.com.ar\/site\/retienen-una-camioneta-que-circulaba-con-5-perros-y-sin-documentacion\/","title":{"rendered":"RETIENEN UNA CAMIONETA QUE CIRCULABA CON 5 PERROS Y SIN DOCUMENTACI\u00d3N"},"content":{"rendered":"<p>La Patrulla Rural de la Comisar\u00eda de Ingeniero Luiggi, detuvo a una VW Amarok en la intersecci\u00f3n de las Rutas 2 y 9. En dicho rodado se desplazaban tres personas con 5 perros en la caja.<\/p>\n<p>&nbsp;<\/p>\n<p>Seg\u00fan la informaci\u00f3n policial, este mismo rodado hab\u00eda sido detenido en la localidad de Rancul el a\u00f1o pasado en circunstancias similares. En esta oportunidad fue retenida y se secuestraron varios cuchillos y unas linternas.<\/p>\n<p>&nbsp;<\/p>\n<h2 class=\"nombre\"><a href=\"http:\/\/infotecrealico.com.ar\/usuario\/3\/infotec-40\">InfoTec 4.0<\/a><\/h2>\n<p>&nbsp;<\/p>\n<div class=\"oasis-despues-del-contenido\" id=\"oasis-4166464137\"><img loading=\"lazy\" decoding=\"async\" src=\"https:\/\/oasisfm935.com.ar\/site\/wp-content\/uploads\/2020\/08\/47806202-8741-49f2-a5c9-d2f930e5baa1.jpg\" alt=\"\"  srcset=\"https:\/\/oasisfm935.com.ar\/site\/wp-content\/uploads\/2020\/08\/47806202-8741-49f2-a5c9-d2f930e5baa1.jpg 1080w, https:\/\/oasisfm935.com.ar\/site\/wp-content\/uploads\/2020\/08\/47806202-8741-49f2-a5c9-d2f930e5baa1-300x300.jpg 300w, https:\/\/oasisfm935.com.ar\/site\/wp-content\/uploads\/2020\/08\/47806202-8741-49f2-a5c9-d2f930e5baa1-1024x1024.jpg 1024w, https:\/\/oasisfm935.com.ar\/site\/wp-content\/uploads\/2020\/08\/47806202-8741-49f2-a5c9-d2f930e5baa1-150x150.jpg 150w, https:\/\/oasisfm935.com.ar\/site\/wp-content\/uploads\/2020\/08\/47806202-8741-49f2-a5c9-d2f930e5baa1-768x768.jpg 768w\" sizes=\"(max-width: 1080px) 100vw, 1080px\" class=\"no-lazyload\" width=\"1080\" height=\"1080\"  style=\"display: inline-block;\" \/><\/div>","protected":false},"excerpt":{"rendered":"<p>La Patrulla Rural de la Comisar\u00eda de Ingeniero Luiggi, detuvo a una VW Amarok en la intersecci\u00f3n de las Rutas 2 y<\/p>\n","protected":false},"author":4,"featured_media":323,"comment_status":"closed","ping_status":"open","sticky":false,"template":"","format":"standard","meta":{"colormag_page_layout":"default_layout","footnotes":""},"categories":[2],"tags":[],"class_list":["post-322","post","type-post","status-publish","format-standard","has-post-thumbnail","hentry","category-noticias"],"_links":{"self":[{"href":"https:\/\/oasisfm935.com.ar\/site\/wp-json\/wp\/v2\/posts\/322","targetHints":{"allow":["GET"]}}],"collection":[{"href":"https:\/\/oasisfm935.com.ar\/site\/wp-json\/wp\/v2\/posts"}],"about":[{"href":"https:\/\/oasisfm935.com.ar\/site\/wp-json\/wp\/v2\/types\/post"}],"author":[{"embeddable":true,"href":"https:\/\/oasisfm935.com.ar\/site\/wp-json\/wp\/v2\/users\/4"}],"replies":[{"embeddable":true,"href":"https:\/\/oasisfm935.com.ar\/site\/wp-json\/wp\/v2\/comments?post=322"}],"version-history":[{"count":3,"href":"https:\/\/oasisfm935.com.ar\/site\/wp-json\/wp\/v2\/posts\/322\/revisions"}],"predecessor-version":[{"id":326,"href":"https:\/\/oasisfm935.com.ar\/site\/wp-json\/wp\/v2\/posts\/322\/revisions\/326"}],"wp:featuredmedia":[{"embeddable":true,"href":"https:\/\/oasisfm935.com.ar\/site\/wp-json\/wp\/v2\/media\/323"}],"wp:attachment":[{"href":"https:\/\/oasisfm935.com.ar\/site\/wp-json\/wp\/v2\/media?parent=322"}],"wp:term":[{"taxonomy":"category","embeddable":true,"href":"https:\/\/oasisfm935.com.ar\/site\/wp-json\/wp\/v2\/categories?post=322"},{"taxonomy":"post_tag","embeddable":true,"href":"https:\/\/oasisfm935.com.ar\/site\/wp-json\/wp\/v2\/tags?post=322"}],"curies":[{"name":"wp","href":"https:\/\/api.w.org\/{rel}","templated":true}]}}