{"id":3250,"date":"2019-12-11T10:40:43","date_gmt":"2019-12-11T13:40:43","guid":{"rendered":"http:\/\/oasisfm935.com\/site\/?p=3250"},"modified":"2019-12-11T10:56:24","modified_gmt":"2019-12-11T13:56:24","slug":"oscar-zanoli-juro-como-diputado-provincial","status":"publish","type":"post","link":"https:\/\/oasisfm935.com.ar\/site\/oscar-zanoli-juro-como-diputado-provincial\/","title":{"rendered":"OSCAR ZANOLI  JUR\u00d3 COMO  DIPUTADO PROVINCIAL"},"content":{"rendered":"<p>El ex Intendente de Ingeniero Luiggi Oscar Zanoli\u00a0 \u00a0jur\u00f3 en la ma\u00f1ana de este 10 de Diciembre como diputado provincial\u00a0 para la gesti\u00f3n 2019 -2023 . Adem\u00e1s lo hicieron, entre los 30 diputados, los norte\u00f1os Mar\u00eda Silvia Larreta (Rancul), Facundo Sola\u00a0 ( Realico ) y Eduardo Pepa (Intendente Alvear).<\/p>\n<div style=\"width: 640px;\" class=\"wp-video\"><video class=\"wp-video-shortcode\" id=\"video-3250-1\" width=\"640\" height=\"352\" preload=\"metadata\" controls=\"controls\"><source type=\"video\/mp4\" src=\"http:\/\/oasisfm935.com\/site\/wp-content\/uploads\/2019\/12\/VID-20191210-WA0035.mp4?_=1\" \/><a href=\"http:\/\/oasisfm935.com\/site\/wp-content\/uploads\/2019\/12\/VID-20191210-WA0035.mp4\">http:\/\/oasisfm935.com\/site\/wp-content\/uploads\/2019\/12\/VID-20191210-WA0035.mp4<\/a><\/video><\/div>\n<p>La sesi\u00f3n preparatoria es una formalidad \u00a0para que asuman los y las 30 diputadas electas y cada uno haga su juramento. Esta ma\u00f1ana, arranc\u00f3 en la presidencia el vicegobernador Mariano Fern\u00e1ndez para luego darles lugar a los entrantes. Su lugar como presidente del cuerpo lo ocup\u00f3 Roberto Robledo, por ser el mayor, y lo acompa\u00f1aron las dos de menor edad, Agustina Garc\u00eda y Valeria Luj\u00e1n<\/p>\n<p>Luego de la puesta en funciones de los legisladores\u00a0 se conformaron las autoridades para el a\u00f1o pr\u00f3ximo. La peronista Alicia Mayoral continuar\u00e1 como vicepresidenta primera y la radical Lorena Clara ser\u00e1 vicepresidenta segunda. Cumplido ese paso, se estableci\u00f3 un cuarto intermedio hasta las 18, cuando juren el gobernador Sergio Ziliotto y el vicegobernador, Mariano Fern\u00e1ndez.<\/p>\n<p><strong>Aqu\u00ed est\u00e1n, por orden alfab\u00e9tico, los nuevos legisladores y legisladoras:<\/strong><\/p>\n<p>Mauricio Ag\u00f3n (UCR)<\/p>\n<p>Mart\u00edn Ardohain (Propuesta Federal)<\/p>\n<p>Leonardo Fabio Avenda\u00f1o (FreJuPa)<\/p>\n<p>Mart\u00edn Balsa (FreJuPa<\/p>\n<p>Oscar Beilman (FreJuPa) (en reemplazo de la banca de \u00abLuchy\u00bb Alonso)<\/p>\n<p>Juan Pedro Brindesi (Comunidad Organizada)<\/p>\n<p>Lilia Ana Marta Caimari (FreJuPa)<\/p>\n<p>Rodolfo Calvo (FreJuPa)<\/p>\n<p>Lorena Fabiana Clara (UCR)<\/p>\n<p>Sandra Fonseca (Comunidad Organizada)<\/p>\n<p>Agustina Garc\u00eda (UCR)<\/p>\n<p>Jos\u00e9 Gonz\u00e1lez (FreJuPa)<\/p>\n<p>Julio Gonz\u00e1lez (FreJuPa)<\/p>\n<p>Estela Maris Guzm\u00e1n (UCR)<\/p>\n<p>Mar\u00eda Silvia Larreta (FreJuPa)<\/p>\n<p>Valeria Stefan\u00eda Luj\u00e1n (FreJuPa)<\/p>\n<p>Espartaco Mar\u00edn (FreJuPa)<\/p>\n<p>Alicia Mayoral (FreJuPa)<\/p>\n<p>C\u00e9sar Montes de Oca (FreJuPa)<\/p>\n<p>Eduardo Pepa (Propuesta Federal)<\/p>\n<p>Carina Pereyra (FreJuPa)<\/p>\n<p>Roberto Robledo (FreJuPa)<\/p>\n<p>Facundo Sola (FreJuPa)<\/p>\n<p>Ariel Rojas (FreJuPa)<\/p>\n<p>Francisco Torroba (UCR)<\/p>\n<p>Francisco Traba (Propuesta Federal)<\/p>\n<p>Mar\u00eda Andrea Valderrama Calvo (UCR)<\/p>\n<p>Laura Trapaglia (Propuesta Federal)<\/p>\n<p>Oscar Zanoli (FreJuPa)<\/p>\n<div class=\"oasis-despues-del-contenido\" id=\"oasis-3126659302\"><img loading=\"lazy\" decoding=\"async\" src=\"https:\/\/oasisfm935.com.ar\/site\/wp-content\/uploads\/2020\/08\/47806202-8741-49f2-a5c9-d2f930e5baa1.jpg\" alt=\"\"  srcset=\"https:\/\/oasisfm935.com.ar\/site\/wp-content\/uploads\/2020\/08\/47806202-8741-49f2-a5c9-d2f930e5baa1.jpg 1080w, https:\/\/oasisfm935.com.ar\/site\/wp-content\/uploads\/2020\/08\/47806202-8741-49f2-a5c9-d2f930e5baa1-300x300.jpg 300w, https:\/\/oasisfm935.com.ar\/site\/wp-content\/uploads\/2020\/08\/47806202-8741-49f2-a5c9-d2f930e5baa1-1024x1024.jpg 1024w, https:\/\/oasisfm935.com.ar\/site\/wp-content\/uploads\/2020\/08\/47806202-8741-49f2-a5c9-d2f930e5baa1-150x150.jpg 150w, https:\/\/oasisfm935.com.ar\/site\/wp-content\/uploads\/2020\/08\/47806202-8741-49f2-a5c9-d2f930e5baa1-768x768.jpg 768w\" sizes=\"(max-width: 1080px) 100vw, 1080px\" class=\"no-lazyload\" width=\"1080\" height=\"1080\"  style=\"display: inline-block;\" \/><\/div>","protected":false},"excerpt":{"rendered":"<p>El ex Intendente de Ingeniero Luiggi Oscar Zanoli\u00a0 \u00a0jur\u00f3 en la ma\u00f1ana de este 10 de Diciembre como diputado provincial\u00a0 para la<\/p>\n","protected":false},"author":4,"featured_media":3251,"comment_status":"closed","ping_status":"open","sticky":false,"template":"","format":"standard","meta":{"colormag_page_layout":"default_layout","footnotes":""},"categories":[2],"tags":[],"class_list":["post-3250","post","type-post","status-publish","format-standard","has-post-thumbnail","hentry","category-noticias"],"_links":{"self":[{"href":"https:\/\/oasisfm935.com.ar\/site\/wp-json\/wp\/v2\/posts\/3250","targetHints":{"allow":["GET"]}}],"collection":[{"href":"https:\/\/oasisfm935.com.ar\/site\/wp-json\/wp\/v2\/posts"}],"about":[{"href":"https:\/\/oasisfm935.com.ar\/site\/wp-json\/wp\/v2\/types\/post"}],"author":[{"embeddable":true,"href":"https:\/\/oasisfm935.com.ar\/site\/wp-json\/wp\/v2\/users\/4"}],"replies":[{"embeddable":true,"href":"https:\/\/oasisfm935.com.ar\/site\/wp-json\/wp\/v2\/comments?post=3250"}],"version-history":[{"count":3,"href":"https:\/\/oasisfm935.com.ar\/site\/wp-json\/wp\/v2\/posts\/3250\/revisions"}],"predecessor-version":[{"id":3255,"href":"https:\/\/oasisfm935.com.ar\/site\/wp-json\/wp\/v2\/posts\/3250\/revisions\/3255"}],"wp:featuredmedia":[{"embeddable":true,"href":"https:\/\/oasisfm935.com.ar\/site\/wp-json\/wp\/v2\/media\/3251"}],"wp:attachment":[{"href":"https:\/\/oasisfm935.com.ar\/site\/wp-json\/wp\/v2\/media?parent=3250"}],"wp:term":[{"taxonomy":"category","embeddable":true,"href":"https:\/\/oasisfm935.com.ar\/site\/wp-json\/wp\/v2\/categories?post=3250"},{"taxonomy":"post_tag","embeddable":true,"href":"https:\/\/oasisfm935.com.ar\/site\/wp-json\/wp\/v2\/tags?post=3250"}],"curies":[{"name":"wp","href":"https:\/\/api.w.org\/{rel}","templated":true}]}}