{"id":327,"date":"2019-01-15T17:17:20","date_gmt":"2019-01-15T20:17:20","guid":{"rendered":"http:\/\/oasisfm935.com\/site\/?p=327"},"modified":"2019-01-15T17:50:18","modified_gmt":"2019-01-15T20:50:18","slug":"copeospil-anuncio-un-corte-programado-el-miercoles-16","status":"publish","type":"post","link":"https:\/\/oasisfm935.com.ar\/site\/copeospil-anuncio-un-corte-programado-el-miercoles-16\/","title":{"rendered":"Internas en el Frente Cambiemos: comenz\u00f3 la campa\u00f1a y hubo pol\u00e9mica por las pintadas en Luiggi"},"content":{"rendered":"<div class=\"itemIntroText\">\n<p><strong>La candidata a intendenta por el radicalismo Soledad Mir pidi\u00f3 \u00abrespeto y no adue\u00f1arse de los s\u00edmbolos\u00bb, haciendo alusi\u00f3n a los colores partidarios que hist\u00f3ricamente identificaron a la UCR. El viernes estuvieron Evangelista, Torroba, Altolaguirre y Pech\u00edn en el Comit\u00e9 de la UCR.<\/strong><\/p>\n<\/div>\n<div class=\"itemFullText\">\n<p><strong>Zonal Noticias dialog\u00f3\u00a0<\/strong>con<strong>\u00a0Soledad Mir, candidata a intendente por la UCR d<\/strong>e cara a las internes en el Frente Cambiemos de Ingeniero Luiggi, quien manifest\u00f3 que \u201c<strong>el pasado viernes recibimos en nuestro Comit\u00e9 la visita del candidato a vicegobernador Luis Evangelista, el candidato a diputado provincial Francisco Torroba, el presidente actual del Comit\u00e9 provincia Poli Altolaguirre y el presidente electo del Comit\u00e9 provincia Tito Pech\u00edn\u201d<\/strong>.<\/p>\n<p><strong>Mir<\/strong>\u00a0dijo que \u201c<strong>adem\u00e1s<\/strong>\u00a0<strong>tuvimos la visita y el apoyo de las mujeres que integran la red de mujeres radicales Cecilia Roige, Elida Deanna Y Zulma Alonso, de la cual yo formo parte\u201d.<\/strong><\/p>\n<p><a href=\"http:\/\/oasisfm935.com\/site\/wp-content\/uploads\/2019\/01\/50271414_112385999835973_4412850460214427648_n.jpg\"><img loading=\"lazy\" decoding=\"async\" class=\"alignnone size-medium wp-image-333\" src=\"http:\/\/oasisfm935.com\/site\/wp-content\/uploads\/2019\/01\/50271414_112385999835973_4412850460214427648_n-300x200.jpg\" alt=\"\" width=\"300\" height=\"200\" srcset=\"https:\/\/oasisfm935.com.ar\/site\/wp-content\/uploads\/2019\/01\/50271414_112385999835973_4412850460214427648_n-300x200.jpg 300w, https:\/\/oasisfm935.com.ar\/site\/wp-content\/uploads\/2019\/01\/50271414_112385999835973_4412850460214427648_n-768x512.jpg 768w, https:\/\/oasisfm935.com.ar\/site\/wp-content\/uploads\/2019\/01\/50271414_112385999835973_4412850460214427648_n.jpg 960w\" sizes=\"auto, (max-width: 300px) 100vw, 300px\" \/><\/a><\/p>\n<\/div>\n<blockquote><p><strong>\u201cQuiero recordarles a\u00a0 todas las personas de la localidad que el d\u00eda 17 de febrero tenemos Internas dentro del Frente Cambiemos, del cual en este caso compiten la Uni\u00f3n C\u00edvica Radical, de la cual yo formo parte y el PRO, cuyo representante es Daniel Gil\u201d,\u00a0<\/strong>destac\u00f3 la actual edil radical.<strong><br \/>\n<\/strong><\/p>\n<p><strong>\u201cHago esta aclaraci\u00f3n porque lamentablemente, adem\u00e1s de escuchar varias cr\u00edticas hacia nosotros, hacia nuestro partido en los medios, est\u00e1n confundiendo al electorado, dici\u00e9ndoles a nuestros afiliados radicales que era una interna entre radicales y no es as\u00ed\u00bb,<\/strong>\u00a0expres\u00f3 Mir.<\/p>\n<p><strong>\u00abA esto se suma que ahora utilizan los colores que hist\u00f3ricamente utiliz\u00f3 desde su nacimiento, hace 127 a\u00f1os, la UCR que son el rojo y el blanco\u201d<\/strong>\u00a0aclar\u00f3 la candidata a intendente.<\/p><\/blockquote>\n<p>\u201cSi hay algo que me ha caracterizado durante tantos a\u00f1os de militancia, es el respeto hacia todas las personas, hacia los dem\u00e1s partidos pol\u00edticos.<strong>\u00a0No soy de confrontar,<\/strong>\u00a0como ya hice el comentario en mis redes sociales, pero\u00a0<strong>hay ciertas cuestiones que no podemos dejar pasar<\/strong>\u201d tir\u00f3 la actual presidenta de bloque local.<\/p>\n<blockquote><p>\u201cPedimos por favor,\u00a0<strong>no nos adue\u00f1emos de los s\u00edmbolos que no nos corresponden<\/strong>. En este caso,\u00a0<strong>el color rojo y blanco, reitero le pertenece al radicalismo como la boina blanca.<\/strong>\u00a0Ha estado y ha formado parte del partido desde su nacimiento. Yo lo que pido que se nos respete\u201d pidi\u00f3 Soledad.<\/p><\/blockquote>\n<p>\u201c<strong>Estamos trabajando todos juntos para una provincia y un Ingeniero Luiggi con trabajo genuino, donde nuestros j\u00f3venes puedan desarrollarse y ejercer sus profesiones\u201d<\/strong>\u00a0remarc\u00f3 Mir.<\/p>\n<p>La concejal y candidata por el radicalismo expres\u00f3 que \u00ab<strong>el 17 de febrero, pueden votar los afiliados al radicalismo, los afiliados al PRO, al MID, al FREGEN, al MOFEPA y los independientes. El resto que est\u00e9 afiliado al peronismo, no puede votar en esta elecci\u00f3n\u00bb.<\/strong><\/p>\n<blockquote><p><strong>\u201cAsique, les pido a los afiliados y a los independientes que consideren que somos una opci\u00f3n v\u00e1lida para competir en las elecciones del 19 de mayo<\/strong>, que nos acompa\u00f1en, que conf\u00eden en nosotros y que por favor vayan a votar, que ejerzan su deber c\u00edvico que es tan necesario para nuestra democracia\u201d finaliz\u00f3 la candidata a intendente de la UCR luiggense.<\/p><\/blockquote>\n<p>Fuente : Zonal Noticias<\/p>\n<p>&nbsp;<\/p>\n<div class=\"oasis-despues-del-contenido\" id=\"oasis-431882077\"><img loading=\"lazy\" decoding=\"async\" src=\"https:\/\/oasisfm935.com.ar\/site\/wp-content\/uploads\/2020\/08\/47806202-8741-49f2-a5c9-d2f930e5baa1.jpg\" alt=\"\"  srcset=\"https:\/\/oasisfm935.com.ar\/site\/wp-content\/uploads\/2020\/08\/47806202-8741-49f2-a5c9-d2f930e5baa1.jpg 1080w, https:\/\/oasisfm935.com.ar\/site\/wp-content\/uploads\/2020\/08\/47806202-8741-49f2-a5c9-d2f930e5baa1-300x300.jpg 300w, https:\/\/oasisfm935.com.ar\/site\/wp-content\/uploads\/2020\/08\/47806202-8741-49f2-a5c9-d2f930e5baa1-1024x1024.jpg 1024w, https:\/\/oasisfm935.com.ar\/site\/wp-content\/uploads\/2020\/08\/47806202-8741-49f2-a5c9-d2f930e5baa1-150x150.jpg 150w, https:\/\/oasisfm935.com.ar\/site\/wp-content\/uploads\/2020\/08\/47806202-8741-49f2-a5c9-d2f930e5baa1-768x768.jpg 768w\" sizes=\"(max-width: 1080px) 100vw, 1080px\" class=\"no-lazyload\" width=\"1080\" height=\"1080\"  style=\"display: inline-block;\" \/><\/div>","protected":false},"excerpt":{"rendered":"<p>La candidata a intendenta por el radicalismo Soledad Mir pidi\u00f3 \u00abrespeto y no adue\u00f1arse de los s\u00edmbolos\u00bb, haciendo alusi\u00f3n a los colores<\/p>\n","protected":false},"author":4,"featured_media":332,"comment_status":"closed","ping_status":"open","sticky":false,"template":"","format":"standard","meta":{"colormag_page_layout":"default_layout","footnotes":""},"categories":[2],"tags":[],"class_list":["post-327","post","type-post","status-publish","format-standard","has-post-thumbnail","hentry","category-noticias"],"_links":{"self":[{"href":"https:\/\/oasisfm935.com.ar\/site\/wp-json\/wp\/v2\/posts\/327","targetHints":{"allow":["GET"]}}],"collection":[{"href":"https:\/\/oasisfm935.com.ar\/site\/wp-json\/wp\/v2\/posts"}],"about":[{"href":"https:\/\/oasisfm935.com.ar\/site\/wp-json\/wp\/v2\/types\/post"}],"author":[{"embeddable":true,"href":"https:\/\/oasisfm935.com.ar\/site\/wp-json\/wp\/v2\/users\/4"}],"replies":[{"embeddable":true,"href":"https:\/\/oasisfm935.com.ar\/site\/wp-json\/wp\/v2\/comments?post=327"}],"version-history":[{"count":3,"href":"https:\/\/oasisfm935.com.ar\/site\/wp-json\/wp\/v2\/posts\/327\/revisions"}],"predecessor-version":[{"id":334,"href":"https:\/\/oasisfm935.com.ar\/site\/wp-json\/wp\/v2\/posts\/327\/revisions\/334"}],"wp:featuredmedia":[{"embeddable":true,"href":"https:\/\/oasisfm935.com.ar\/site\/wp-json\/wp\/v2\/media\/332"}],"wp:attachment":[{"href":"https:\/\/oasisfm935.com.ar\/site\/wp-json\/wp\/v2\/media?parent=327"}],"wp:term":[{"taxonomy":"category","embeddable":true,"href":"https:\/\/oasisfm935.com.ar\/site\/wp-json\/wp\/v2\/categories?post=327"},{"taxonomy":"post_tag","embeddable":true,"href":"https:\/\/oasisfm935.com.ar\/site\/wp-json\/wp\/v2\/tags?post=327"}],"curies":[{"name":"wp","href":"https:\/\/api.w.org\/{rel}","templated":true}]}}