{"id":3275,"date":"2019-12-12T13:52:18","date_gmt":"2019-12-12T16:52:18","guid":{"rendered":"http:\/\/oasisfm935.com\/site\/?p=3275"},"modified":"2019-12-12T13:52:18","modified_gmt":"2019-12-12T16:52:18","slug":"un-hombre-se-quito-la-vida-en-un-campo-al-noreste-de-la-localidad-de-embajador-martini","status":"publish","type":"post","link":"https:\/\/oasisfm935.com.ar\/site\/un-hombre-se-quito-la-vida-en-un-campo-al-noreste-de-la-localidad-de-embajador-martini\/","title":{"rendered":"Un hombre se quit\u00f3 la vida en un campo al noreste de la localidad de Embajador Martini"},"content":{"rendered":"<p>Un trabajador rural de unos 40 a\u00f1os se quit\u00f3 la vida durante la madrugada de este jueves en un campo ubicado al noreste de la localidad de Embajador Martini.<\/p>\n<p>Seg\u00fan fuentes policiales, consultadas por LA ARENA, el episodio sucedi\u00f3 alrededor de la 1.35 en la zona rural, y de quintas: precisamente en el kil\u00f3metro 94 de la ruta provincial 2.<\/p>\n<p>Los voceros ampliaron que en ese momento el personal que recorre por lo general la zona se encontr\u00f3 con una camioneta, Ford 100, estacionada en el campo. \u00abCuando la Polic\u00eda lleg\u00f3 al lugar se encontr\u00f3 con un hombre colgado a un \u00e1rbol\u00bb, expresaron.<\/p>\n<p>Los efectivos alertaron al oficial a cargo de la sede policial que se dirigi\u00f3 de inmediato al lugar para comprobar el hecho. Debajo encontraron adem\u00e1s una carabina calibre 22.<\/p>\n<p>Los polic\u00edas informaron al fiscal de Delitos Contra las Personas, Guillermo Komarovsky, quien inici\u00f3 las causas para averiguar lo que pas\u00f3.<\/p>\n<p>&nbsp;<\/p>\n<p>La Arena<\/p>\n<div class=\"oasis-despues-del-contenido\" id=\"oasis-973902065\"><img loading=\"lazy\" decoding=\"async\" src=\"https:\/\/oasisfm935.com.ar\/site\/wp-content\/uploads\/2020\/08\/47806202-8741-49f2-a5c9-d2f930e5baa1.jpg\" alt=\"\"  srcset=\"https:\/\/oasisfm935.com.ar\/site\/wp-content\/uploads\/2020\/08\/47806202-8741-49f2-a5c9-d2f930e5baa1.jpg 1080w, https:\/\/oasisfm935.com.ar\/site\/wp-content\/uploads\/2020\/08\/47806202-8741-49f2-a5c9-d2f930e5baa1-300x300.jpg 300w, https:\/\/oasisfm935.com.ar\/site\/wp-content\/uploads\/2020\/08\/47806202-8741-49f2-a5c9-d2f930e5baa1-1024x1024.jpg 1024w, https:\/\/oasisfm935.com.ar\/site\/wp-content\/uploads\/2020\/08\/47806202-8741-49f2-a5c9-d2f930e5baa1-150x150.jpg 150w, https:\/\/oasisfm935.com.ar\/site\/wp-content\/uploads\/2020\/08\/47806202-8741-49f2-a5c9-d2f930e5baa1-768x768.jpg 768w\" sizes=\"(max-width: 1080px) 100vw, 1080px\" class=\"no-lazyload\" width=\"1080\" height=\"1080\"  style=\"display: inline-block;\" \/><\/div>","protected":false},"excerpt":{"rendered":"<p>Un trabajador rural de unos 40 a\u00f1os se quit\u00f3 la vida durante la madrugada de este jueves en un campo ubicado al<\/p>\n","protected":false},"author":4,"featured_media":3276,"comment_status":"closed","ping_status":"open","sticky":false,"template":"","format":"standard","meta":{"colormag_page_layout":"default_layout","footnotes":""},"categories":[2],"tags":[],"class_list":["post-3275","post","type-post","status-publish","format-standard","has-post-thumbnail","hentry","category-noticias"],"_links":{"self":[{"href":"https:\/\/oasisfm935.com.ar\/site\/wp-json\/wp\/v2\/posts\/3275","targetHints":{"allow":["GET"]}}],"collection":[{"href":"https:\/\/oasisfm935.com.ar\/site\/wp-json\/wp\/v2\/posts"}],"about":[{"href":"https:\/\/oasisfm935.com.ar\/site\/wp-json\/wp\/v2\/types\/post"}],"author":[{"embeddable":true,"href":"https:\/\/oasisfm935.com.ar\/site\/wp-json\/wp\/v2\/users\/4"}],"replies":[{"embeddable":true,"href":"https:\/\/oasisfm935.com.ar\/site\/wp-json\/wp\/v2\/comments?post=3275"}],"version-history":[{"count":1,"href":"https:\/\/oasisfm935.com.ar\/site\/wp-json\/wp\/v2\/posts\/3275\/revisions"}],"predecessor-version":[{"id":3277,"href":"https:\/\/oasisfm935.com.ar\/site\/wp-json\/wp\/v2\/posts\/3275\/revisions\/3277"}],"wp:featuredmedia":[{"embeddable":true,"href":"https:\/\/oasisfm935.com.ar\/site\/wp-json\/wp\/v2\/media\/3276"}],"wp:attachment":[{"href":"https:\/\/oasisfm935.com.ar\/site\/wp-json\/wp\/v2\/media?parent=3275"}],"wp:term":[{"taxonomy":"category","embeddable":true,"href":"https:\/\/oasisfm935.com.ar\/site\/wp-json\/wp\/v2\/categories?post=3275"},{"taxonomy":"post_tag","embeddable":true,"href":"https:\/\/oasisfm935.com.ar\/site\/wp-json\/wp\/v2\/tags?post=3275"}],"curies":[{"name":"wp","href":"https:\/\/api.w.org\/{rel}","templated":true}]}}