{"id":3293,"date":"2019-12-16T18:06:25","date_gmt":"2019-12-16T21:06:25","guid":{"rendered":"http:\/\/oasisfm935.com\/site\/?p=3293"},"modified":"2019-12-16T18:11:35","modified_gmt":"2019-12-16T21:11:35","slug":"los-medicamentos-bajaran-un-8-por-ciento","status":"publish","type":"post","link":"https:\/\/oasisfm935.com.ar\/site\/los-medicamentos-bajaran-un-8-por-ciento\/","title":{"rendered":"Los medicamentos bajar\u00e1n un 8 por ciento"},"content":{"rendered":"<p>Los laboratorios acordaron con el Gobierno una rebaja del 8% en los precios de los medicamentos, tomando como referencia el precio publicado de venta al p\u00fablico del viernes 6 de diciembre, y los mantendr\u00e1n sin cambios hasta el 1\u00b0 de febrero.<\/p>\n<p>Los\u00a0<strong>laboratorios extranjeros nucleados en CAEME anticiparon mediante un comunicado que la medida ya cuenta con la adhesi\u00f3n de muchos laboratorios<\/strong>\u00a0de la C\u00e1mara que tienen gran participaci\u00f3n en el mercado.<\/p>\n<p>\u00abEn las pr\u00f3ximas horas continuar\u00e1n adhiriendo en forma individual los restantes laboratorios de CAEME que as\u00ed lo decidan\u00bb, agregaron desde la C\u00e1mara.<\/p>\n<p>\u201cLe hemos pedido de urgencia a la\u00a0<strong>industria que tenga en consideraci\u00f3n una rebaja masiva para todos los medicamentos y s\u00e9 que est\u00e1n trabajando intensamente.<\/strong>\u00a0No puedo decir nada m\u00e1s porque lo deber\u00e1n anunciar ellos\u201d, respondi\u00f3 la semana pasada Gin\u00e9s Gonz\u00e1lez Garc\u00eda.<\/p>\n<p>E insisti\u00f3: \u201c<strong>Lo que le hemos pedido (a la industria) es que la rebaja sea estable que dure por unos meses<\/strong>\u201d con el objetivo, seg\u00fan indic\u00f3 el funcionario, de dar un clima de tranquilidad a \u201cotro de los problemas que tenemos que es la inercia de la inflaci\u00f3n\u201d.<\/p>\n<p>Con relaci\u00f3n a morigerar la suba de los medicamentos para los sectores m\u00e1s vulnerables el titular de la cartera de Salud coment\u00f3: \u201cSe har\u00e1n muchas cosas,\u00a0<strong>vamos a volver a instalar un programa muy masivo de acceso a medicamentos para los sectores m\u00e1s d\u00e9biles que era el Programa Remediar como as\u00ed tambi\u00e9n el plan de anticonceptivos<\/strong>\u201d.<\/p>\n<p>Cabe recordar que\u00a0<strong>Remediar era un programa gratuito que abarcaba a 16 millones de personas en todos los centros de atenci\u00f3n primaria de la Argentina.<\/strong>\u00a0El ministro anticip\u00f3 que la implementaci\u00f3n del programa demorar\u00e1 entre 90 a 120 d\u00edas debido a que, primero, deben conseguirse los fondos correspondientes a lo que se suma el tr\u00e1mite licitatorio y posteriormente la log\u00edstica necesaria, public\u00f3 \u00c1mbito Financiero.<\/p>\n<p>Respecto a los<strong>\u00a0medicamentos para jubilados record\u00f3 que el convenio especial es un 30% m\u00e1s barato de los medicamentos. Y, reconoci\u00f3, que est\u00e1n estudiando el poder brindarlo de manera gratuita.<\/strong><\/p>\n<p>Concluy\u00f3: \u201cLo que pase con los medicamentos va a incluir a los 40 millones de argentinos, no solo los 5 millones de jubilados\u201d, afirm\u00f3 Gin\u00e9s.<\/p>\n<div class=\"oasis-despues-del-contenido\" id=\"oasis-1678986896\"><img loading=\"lazy\" decoding=\"async\" src=\"https:\/\/oasisfm935.com.ar\/site\/wp-content\/uploads\/2020\/08\/47806202-8741-49f2-a5c9-d2f930e5baa1.jpg\" alt=\"\"  srcset=\"https:\/\/oasisfm935.com.ar\/site\/wp-content\/uploads\/2020\/08\/47806202-8741-49f2-a5c9-d2f930e5baa1.jpg 1080w, https:\/\/oasisfm935.com.ar\/site\/wp-content\/uploads\/2020\/08\/47806202-8741-49f2-a5c9-d2f930e5baa1-300x300.jpg 300w, https:\/\/oasisfm935.com.ar\/site\/wp-content\/uploads\/2020\/08\/47806202-8741-49f2-a5c9-d2f930e5baa1-1024x1024.jpg 1024w, https:\/\/oasisfm935.com.ar\/site\/wp-content\/uploads\/2020\/08\/47806202-8741-49f2-a5c9-d2f930e5baa1-150x150.jpg 150w, https:\/\/oasisfm935.com.ar\/site\/wp-content\/uploads\/2020\/08\/47806202-8741-49f2-a5c9-d2f930e5baa1-768x768.jpg 768w\" sizes=\"(max-width: 1080px) 100vw, 1080px\" class=\"no-lazyload\" width=\"1080\" height=\"1080\"  style=\"display: inline-block;\" \/><\/div>","protected":false},"excerpt":{"rendered":"<p>Los laboratorios acordaron con el Gobierno una rebaja del 8% en los precios de los medicamentos, tomando como referencia el precio publicado<\/p>\n","protected":false},"author":4,"featured_media":3294,"comment_status":"closed","ping_status":"open","sticky":false,"template":"","format":"standard","meta":{"colormag_page_layout":"default_layout","footnotes":""},"categories":[2],"tags":[],"class_list":["post-3293","post","type-post","status-publish","format-standard","has-post-thumbnail","hentry","category-noticias"],"_links":{"self":[{"href":"https:\/\/oasisfm935.com.ar\/site\/wp-json\/wp\/v2\/posts\/3293","targetHints":{"allow":["GET"]}}],"collection":[{"href":"https:\/\/oasisfm935.com.ar\/site\/wp-json\/wp\/v2\/posts"}],"about":[{"href":"https:\/\/oasisfm935.com.ar\/site\/wp-json\/wp\/v2\/types\/post"}],"author":[{"embeddable":true,"href":"https:\/\/oasisfm935.com.ar\/site\/wp-json\/wp\/v2\/users\/4"}],"replies":[{"embeddable":true,"href":"https:\/\/oasisfm935.com.ar\/site\/wp-json\/wp\/v2\/comments?post=3293"}],"version-history":[{"count":1,"href":"https:\/\/oasisfm935.com.ar\/site\/wp-json\/wp\/v2\/posts\/3293\/revisions"}],"predecessor-version":[{"id":3295,"href":"https:\/\/oasisfm935.com.ar\/site\/wp-json\/wp\/v2\/posts\/3293\/revisions\/3295"}],"wp:featuredmedia":[{"embeddable":true,"href":"https:\/\/oasisfm935.com.ar\/site\/wp-json\/wp\/v2\/media\/3294"}],"wp:attachment":[{"href":"https:\/\/oasisfm935.com.ar\/site\/wp-json\/wp\/v2\/media?parent=3293"}],"wp:term":[{"taxonomy":"category","embeddable":true,"href":"https:\/\/oasisfm935.com.ar\/site\/wp-json\/wp\/v2\/categories?post=3293"},{"taxonomy":"post_tag","embeddable":true,"href":"https:\/\/oasisfm935.com.ar\/site\/wp-json\/wp\/v2\/tags?post=3293"}],"curies":[{"name":"wp","href":"https:\/\/api.w.org\/{rel}","templated":true}]}}