{"id":3308,"date":"2019-12-17T16:28:28","date_gmt":"2019-12-17T19:28:28","guid":{"rendered":"http:\/\/oasisfm935.com\/site\/?p=3308"},"modified":"2019-12-17T16:28:28","modified_gmt":"2019-12-17T19:28:28","slug":"se-volvieron-a-abrir-las-puertas-de-casa-rosada-para-la-pampa","status":"publish","type":"post","link":"https:\/\/oasisfm935.com.ar\/site\/se-volvieron-a-abrir-las-puertas-de-casa-rosada-para-la-pampa\/","title":{"rendered":"\u00abSe volvieron a abrir las puertas de Casa Rosada para La Pampa\u00bb"},"content":{"rendered":"<p>El gobernador\u00a0<strong>Sergio Ziliotto<\/strong>\u00a0fue recibido este mediod\u00eda por el presidente\u00a0<strong>Alberto Fern\u00e1ndez<\/strong>. \u00abHoy\u00a0se volvieron a abrir las puertas de la Casa Rosada para La Pampa\u00bb, dijo el mandatario pampeano. \u00ab<strong>El di\u00e1logo es el primer gesto para avanzar\u00a0<\/strong><strong>en un plan de gobierno federal\u00bb<\/strong>, agreg\u00f3.<\/p>\n<p>Ziliotto particip\u00f3 junto a otros 21 gobernadores de un encuentro con el presidente en el que\u00a0<strong>se plante\u00f3 un nuevo acuerdo para el Consenso Fiscal 2019.<\/strong><\/p>\n<p>Fern\u00e1ndez encabez\u00f3 adem\u00e1s la firma de la\u00a0<strong>suspensi\u00f3n del Pacto Fiscal vigente<\/strong>, para fortalecer las autonom\u00edas provinciales a trav\u00e9s de la modificaci\u00f3n de los compromisos asumidos entre el Estado nacional y las jurisdicciones.<\/p>\n<p>De la audiencia, que se realiz\u00f3 en el Sal\u00f3n Eva Per\u00f3n, participaron tambi\u00e9n el ministro del Interior, Eduardo De Pedro, el jefe de Gabinete, Santiago Cafiero, y el presidente de la C\u00e1mara de Diputados, Sergio Massa.<\/p>\n<p>En una conferencia de prensa posterior, el gobernador de San Juan, Sergio U\u00f1ac, precis\u00f3:\u00a0<strong>\u201cDebemos colaborar porque lo m\u00e1s importante es restablecer la econom\u00eda, y que podamos adoptar medidas concretas que repercutan directamente en favorecer el consumo y el poder adquisitivo del salario\u201d.<\/strong><\/p>\n<p>A su vez, el gobernador de Jujuy, el radical Gerardo Morales, destac\u00f3 que\u00a0<strong>el acuerdo firmado con el presidente Fern\u00e1ndez y los otros gobernadores \u201cda un alivio a las provincias durante un a\u00f1o\u201d.<\/strong><\/p>\n<p>\u201cLa suspensi\u00f3n de ese acuerdo de 2017 y parar el cronograma de baja de impuestos nos va a permitir una mayor recaudaci\u00f3n\u201d, dijo, e inform\u00f3 que el nuevo consenso \u201cimpacta, en Jujuy, en 1.000 millones de pesos m\u00e1s que se va a recaudar el a\u00f1o que viene\u201d.<\/p>\n<p>Estuvieron presentes los gobernadores de Buenos Aires, Axel Kicillof; Catamarca, Ra\u00fal Jalil; Chaco, Jorge Capitanich; Chubut, Mariano Arcioni; C\u00f3rdoba, Juan Schiaretti; Corrientes, Gustavo Vald\u00e9s; Entre R\u00edos, Gustavo Bordet, y Formosa, Gildo Insfr\u00e1n.<\/p>\n<p>Tambi\u00e9n participaron los mandatarios provinciales de Jujuy, Gerardo Morales; La Pampa, Sergio Ziliotto; La Rioja, Ricardo Quintela; Mendoza, Rodolfo Su\u00e1rez; Misiones, Oscar Herrera Ahuad; Neuqu\u00e9n, Omar Guti\u00e9rrez, y R\u00edo Negro, Arabela Carreras.<\/p>\n<p>Concurrieron adem\u00e1s los gobernadores de Salta, Gustavo S\u00e1enz; San Juan, Sergio U\u00f1ac; San Luis, Alberto Rodr\u00edguez Sa\u00e1; Santa Cruz, Alicia Kirchner; Santa Fe, Omar Perotti; Santiago del Estero, Gerardo Zamora; Tucum\u00e1n, Juan Manzur; y el jefe de Gobierno de la Ciudad de Buenos Aires, Horacio Rodr\u00edguez Larreta.<\/p>\n<div class=\"oasis-despues-del-contenido\" id=\"oasis-4033055465\"><img loading=\"lazy\" decoding=\"async\" src=\"https:\/\/oasisfm935.com.ar\/site\/wp-content\/uploads\/2020\/08\/47806202-8741-49f2-a5c9-d2f930e5baa1.jpg\" alt=\"\"  srcset=\"https:\/\/oasisfm935.com.ar\/site\/wp-content\/uploads\/2020\/08\/47806202-8741-49f2-a5c9-d2f930e5baa1.jpg 1080w, https:\/\/oasisfm935.com.ar\/site\/wp-content\/uploads\/2020\/08\/47806202-8741-49f2-a5c9-d2f930e5baa1-300x300.jpg 300w, https:\/\/oasisfm935.com.ar\/site\/wp-content\/uploads\/2020\/08\/47806202-8741-49f2-a5c9-d2f930e5baa1-1024x1024.jpg 1024w, https:\/\/oasisfm935.com.ar\/site\/wp-content\/uploads\/2020\/08\/47806202-8741-49f2-a5c9-d2f930e5baa1-150x150.jpg 150w, https:\/\/oasisfm935.com.ar\/site\/wp-content\/uploads\/2020\/08\/47806202-8741-49f2-a5c9-d2f930e5baa1-768x768.jpg 768w\" sizes=\"(max-width: 1080px) 100vw, 1080px\" class=\"no-lazyload\" width=\"1080\" height=\"1080\"  style=\"display: inline-block;\" \/><\/div>","protected":false},"excerpt":{"rendered":"<p>El gobernador\u00a0Sergio Ziliotto\u00a0fue recibido este mediod\u00eda por el presidente\u00a0Alberto Fern\u00e1ndez. \u00abHoy\u00a0se volvieron a abrir las puertas de la Casa Rosada para La<\/p>\n","protected":false},"author":4,"featured_media":3309,"comment_status":"closed","ping_status":"open","sticky":false,"template":"","format":"standard","meta":{"colormag_page_layout":"default_layout","footnotes":""},"categories":[2],"tags":[],"class_list":["post-3308","post","type-post","status-publish","format-standard","has-post-thumbnail","hentry","category-noticias"],"_links":{"self":[{"href":"https:\/\/oasisfm935.com.ar\/site\/wp-json\/wp\/v2\/posts\/3308","targetHints":{"allow":["GET"]}}],"collection":[{"href":"https:\/\/oasisfm935.com.ar\/site\/wp-json\/wp\/v2\/posts"}],"about":[{"href":"https:\/\/oasisfm935.com.ar\/site\/wp-json\/wp\/v2\/types\/post"}],"author":[{"embeddable":true,"href":"https:\/\/oasisfm935.com.ar\/site\/wp-json\/wp\/v2\/users\/4"}],"replies":[{"embeddable":true,"href":"https:\/\/oasisfm935.com.ar\/site\/wp-json\/wp\/v2\/comments?post=3308"}],"version-history":[{"count":1,"href":"https:\/\/oasisfm935.com.ar\/site\/wp-json\/wp\/v2\/posts\/3308\/revisions"}],"predecessor-version":[{"id":3310,"href":"https:\/\/oasisfm935.com.ar\/site\/wp-json\/wp\/v2\/posts\/3308\/revisions\/3310"}],"wp:featuredmedia":[{"embeddable":true,"href":"https:\/\/oasisfm935.com.ar\/site\/wp-json\/wp\/v2\/media\/3309"}],"wp:attachment":[{"href":"https:\/\/oasisfm935.com.ar\/site\/wp-json\/wp\/v2\/media?parent=3308"}],"wp:term":[{"taxonomy":"category","embeddable":true,"href":"https:\/\/oasisfm935.com.ar\/site\/wp-json\/wp\/v2\/categories?post=3308"},{"taxonomy":"post_tag","embeddable":true,"href":"https:\/\/oasisfm935.com.ar\/site\/wp-json\/wp\/v2\/tags?post=3308"}],"curies":[{"name":"wp","href":"https:\/\/api.w.org\/{rel}","templated":true}]}}