{"id":3311,"date":"2019-12-17T16:33:02","date_gmt":"2019-12-17T19:33:02","guid":{"rendered":"http:\/\/oasisfm935.com\/site\/?p=3311"},"modified":"2019-12-17T16:33:14","modified_gmt":"2019-12-17T19:33:14","slug":"ruralistas-pampeanos-calientan-motores-por-las-retenciones-cra-en-alerta-y-movilizacio","status":"publish","type":"post","link":"https:\/\/oasisfm935.com.ar\/site\/ruralistas-pampeanos-calientan-motores-por-las-retenciones-cra-en-alerta-y-movilizacio\/","title":{"rendered":"Ruralistas pampeanos calientan motores por las retenciones: CRA, en alerta y movilizaci\u00f3"},"content":{"rendered":"<p>Las\u00a0<strong>Confederaciones Rurales Argentinas<\/strong>\u00a0(CRA), que integran asociaciones agr\u00edcolas pampeanas, se declar\u00f3 en<strong>\u00a0\u00abalerta y movilizaci\u00f3n\u00bb<\/strong>\u00a0y advirti\u00f3 que se vienen asambleas en \u00abdiferentes puntos del pa\u00eds\u00bb en rechazo al incremento de las retenciones a las exportaciones de productos agropecuarias. El Gobierno nacional recientemente actualiz\u00f3 los valores, pero ahora pretende aumentar tres puntos m\u00e1s: seg\u00fan el proyecto enviado al Congreso nacional,\u00a0<strong>se cambiar\u00e1n los topes para soja (de 30 a 33%) y para el ma\u00edz y el trigo (de 12 a 15%)<\/strong>.<\/p>\n<p>CRA es una entidad que nuclea a federaciones y confederaciones de todo el pa\u00eds, entre ellas Carbap. La mayor\u00eda de las asociaciones agr\u00edcolas pampeanas est\u00e1 adherida a esa instituci\u00f3n.<\/p>\n<p>Por el momento, los dirigentes ruralistas de La Pampa no est\u00e1n pensando en cortar rutas como hicieron en 2008. Pero hay sectores, de las bases, que lo est\u00e1n planteando.<\/p>\n<p>A su vez, la Asociaci\u00f3n Agr\u00edcola Ganadera de La Pampa pidi\u00f3 una reuni\u00f3n con el gobernador Sergio Ziliotto.<\/p>\n<p>CRA, al menos, se declar\u00f3 en alerta.\u00a0\u00abEstamos con profunda preocupaci\u00f3n por las \u00faltimas medidas tomadas por el gobierno y las declaraciones vertidas luego del encuentro que se mantuvo el d\u00eda de ayer con funcionarios del gabinete nacional\u00bb, dijo la entidad, en un comunicado de prensa.<\/p>\n<p>\u00abAnte el creciente malestar que han generado las medidas anunciadas, desde CRA agotaremos los canales de di\u00e1logo con el gobierno. En la entidad, muchos dirigentes y presidentes de Confederaciones se mostraron sorprendidos por el r\u00e1pido tr\u00e1mite y lo inconsulto de la medida, pese a las gestiones realizadas por la entidad al respecto\u00bb, sostuvo.<\/p>\n<p>\u00abAsimismo, los directivos se encuentran en contacto permanentes por medidas a llevar a cabo y las asambleas que se est\u00e1n realizando en distintos puntos del pa\u00eds. Por todo esto, CRA se declara en estado de alerta y movilizaci\u00f3n\u00bb, finaliz\u00f3.<\/p>\n<p>&nbsp;<\/p>\n<p><strong>Qu\u00e9 se increment\u00f3<\/strong><\/p>\n<p>El Gobierno nacional dispuso la eliminaci\u00f3n del tope de 4 pesos por d\u00f3lar a la retenci\u00f3n del 12 por ciento que hab\u00eda sido dispuesta por Macri en septiembre de 2018. En esa oportunidad, la resoluci\u00f3n de Cambiemos hab\u00eda sido aplicar una retenci\u00f3n adicional a todas las posiciones de la nomenclatura arancelaria. Como algunos productos ya pagaban, como la soja (18%) y otras no (0%), como trigo, ma\u00edz, carnes o leche en polvo, la retenci\u00f3n total vigente a partir de septiembre de 2018 pas\u00f3 a ser del 30 por ciento para la soja, y del 12 por ciento para los que antes no estaban gravados. Pero, como a la vez les fijaba un techo a las nuevas retenciones de 4 pesos, en la pr\u00e1ctica convirti\u00f3 esa retenci\u00f3n porcentual del 12 por ciento en una retenci\u00f3n fija de 4 pesos, que porcentualmente resultaba cada vez menor a medida que la cotizaci\u00f3n del d\u00f3lar, en pesos, sub\u00eda.<\/p>\n<p><strong>La resoluci\u00f3n que adopt\u00f3 el Gobierno el s\u00e1bado es volver a fijar la retenci\u00f3n adicional en el 12 por ciento, como en septiembre de 2018, aunque disponiendo que para una lista de productos (Anexo II del decreto) ese derecho de exportaci\u00f3n sea del 9 por ciento.<\/strong>\u00a0Es decir,\u00a0<strong>tres puntos menos que el fijado por Macri 15 meses atr\u00e1s<\/strong>. Tambi\u00e9n dispuso que una amplia gama de posiciones arancelarias resulten beneficiadas con el mantenimiento de un tope o l\u00edmite m\u00e1ximo de 3 pesos por d\u00f3lar de retenci\u00f3n, lo cual en la pr\u00e1ctica resulta en un derecho de exportaci\u00f3n del 5 por ciento a la cotizaci\u00f3n mayorista actual de la divisa estadounidense.<\/p>\n<div class=\"oasis-despues-del-contenido\" id=\"oasis-1513050471\"><img loading=\"lazy\" decoding=\"async\" src=\"https:\/\/oasisfm935.com.ar\/site\/wp-content\/uploads\/2020\/08\/47806202-8741-49f2-a5c9-d2f930e5baa1.jpg\" alt=\"\"  srcset=\"https:\/\/oasisfm935.com.ar\/site\/wp-content\/uploads\/2020\/08\/47806202-8741-49f2-a5c9-d2f930e5baa1.jpg 1080w, https:\/\/oasisfm935.com.ar\/site\/wp-content\/uploads\/2020\/08\/47806202-8741-49f2-a5c9-d2f930e5baa1-300x300.jpg 300w, https:\/\/oasisfm935.com.ar\/site\/wp-content\/uploads\/2020\/08\/47806202-8741-49f2-a5c9-d2f930e5baa1-1024x1024.jpg 1024w, https:\/\/oasisfm935.com.ar\/site\/wp-content\/uploads\/2020\/08\/47806202-8741-49f2-a5c9-d2f930e5baa1-150x150.jpg 150w, https:\/\/oasisfm935.com.ar\/site\/wp-content\/uploads\/2020\/08\/47806202-8741-49f2-a5c9-d2f930e5baa1-768x768.jpg 768w\" sizes=\"(max-width: 1080px) 100vw, 1080px\" class=\"no-lazyload\" width=\"1080\" height=\"1080\"  style=\"display: inline-block;\" \/><\/div>","protected":false},"excerpt":{"rendered":"<p>Las\u00a0Confederaciones Rurales Argentinas\u00a0(CRA), que integran asociaciones agr\u00edcolas pampeanas, se declar\u00f3 en\u00a0\u00abalerta y movilizaci\u00f3n\u00bb\u00a0y advirti\u00f3 que se vienen asambleas en \u00abdiferentes puntos del<\/p>\n","protected":false},"author":4,"featured_media":3312,"comment_status":"closed","ping_status":"open","sticky":false,"template":"","format":"standard","meta":{"colormag_page_layout":"default_layout","footnotes":""},"categories":[2],"tags":[],"class_list":["post-3311","post","type-post","status-publish","format-standard","has-post-thumbnail","hentry","category-noticias"],"_links":{"self":[{"href":"https:\/\/oasisfm935.com.ar\/site\/wp-json\/wp\/v2\/posts\/3311","targetHints":{"allow":["GET"]}}],"collection":[{"href":"https:\/\/oasisfm935.com.ar\/site\/wp-json\/wp\/v2\/posts"}],"about":[{"href":"https:\/\/oasisfm935.com.ar\/site\/wp-json\/wp\/v2\/types\/post"}],"author":[{"embeddable":true,"href":"https:\/\/oasisfm935.com.ar\/site\/wp-json\/wp\/v2\/users\/4"}],"replies":[{"embeddable":true,"href":"https:\/\/oasisfm935.com.ar\/site\/wp-json\/wp\/v2\/comments?post=3311"}],"version-history":[{"count":1,"href":"https:\/\/oasisfm935.com.ar\/site\/wp-json\/wp\/v2\/posts\/3311\/revisions"}],"predecessor-version":[{"id":3313,"href":"https:\/\/oasisfm935.com.ar\/site\/wp-json\/wp\/v2\/posts\/3311\/revisions\/3313"}],"wp:featuredmedia":[{"embeddable":true,"href":"https:\/\/oasisfm935.com.ar\/site\/wp-json\/wp\/v2\/media\/3312"}],"wp:attachment":[{"href":"https:\/\/oasisfm935.com.ar\/site\/wp-json\/wp\/v2\/media?parent=3311"}],"wp:term":[{"taxonomy":"category","embeddable":true,"href":"https:\/\/oasisfm935.com.ar\/site\/wp-json\/wp\/v2\/categories?post=3311"},{"taxonomy":"post_tag","embeddable":true,"href":"https:\/\/oasisfm935.com.ar\/site\/wp-json\/wp\/v2\/tags?post=3311"}],"curies":[{"name":"wp","href":"https:\/\/api.w.org\/{rel}","templated":true}]}}