{"id":3314,"date":"2019-12-17T17:12:53","date_gmt":"2019-12-17T20:12:53","guid":{"rendered":"http:\/\/oasisfm935.com\/site\/?p=3314"},"modified":"2019-12-17T17:21:09","modified_gmt":"2019-12-17T20:21:09","slug":"el-pro-ingeniero-luiggi-no-se-siente-representado-por-el-concejal-martinez","status":"publish","type":"post","link":"https:\/\/oasisfm935.com.ar\/site\/el-pro-ingeniero-luiggi-no-se-siente-representado-por-el-concejal-martinez\/","title":{"rendered":"El Pro Ingeniero Luiggi no se siente representado por el concejal Mart\u00ednez"},"content":{"rendered":"<p>En un comunicado el Pro de Ingeniero Luggi\u00a0 en su pagina de oficial,\u00a0 comunic\u00f3 a la poblaci\u00f3n:<\/p>\n<p>Pueblo de Ingeniero Luiggi:<\/p>\n<div class=\"text_exposed_show\">\n<p>Le env\u00edo esta carta en nombre del referente y grupo de trabajo del PRO en nuestra localidad, queriendo hacer llegar a todos los Luiggenses las disculpas correspondientes por el desempe\u00f1o angustioso del concejal que hoy representa nuestra propuesta, Jorge Martinez, rechazando y repudiando su accionar, en la sesi\u00f3n extraordinaria desarrollada el d\u00eda 10 de diciembre del 2019, en la cual, voto positivo al aumento de dietas del Concejo Deliberante, en base al decreto n\u00b0121\/19.<\/p>\n<p>El desempe\u00f1o de Martinez y sus posibles decisiones futuras, no coinciden con los lineamientos y las conductas que nuestra propuesta ofrece, por consiguiente no representa ni defiende los intereses de los Luiggenses.<\/p>\n<p>Nuevamente pedimos disculpas y hacemos extensas a toda la localidad.<\/p>\n<p><a href=\"http:\/\/oasisfm935.com\/site\/wp-content\/uploads\/2019\/12\/79505294_2498143350425480_2870092009853419520_n.jpg\"><img loading=\"lazy\" decoding=\"async\" class=\"alignnone size-full wp-image-3258\" src=\"http:\/\/oasisfm935.com\/site\/wp-content\/uploads\/2019\/12\/79505294_2498143350425480_2870092009853419520_n.jpg\" alt=\"\" width=\"1152\" height=\"560\" srcset=\"https:\/\/oasisfm935.com.ar\/site\/wp-content\/uploads\/2019\/12\/79505294_2498143350425480_2870092009853419520_n.jpg 1152w, https:\/\/oasisfm935.com.ar\/site\/wp-content\/uploads\/2019\/12\/79505294_2498143350425480_2870092009853419520_n-300x146.jpg 300w, https:\/\/oasisfm935.com.ar\/site\/wp-content\/uploads\/2019\/12\/79505294_2498143350425480_2870092009853419520_n-1024x498.jpg 1024w, https:\/\/oasisfm935.com.ar\/site\/wp-content\/uploads\/2019\/12\/79505294_2498143350425480_2870092009853419520_n-768x373.jpg 768w\" sizes=\"auto, (max-width: 1152px) 100vw, 1152px\" \/><\/a><\/p>\n<p><strong>La pol\u00e9mica ordenanza<\/strong><\/p>\n<p>Recordemos que el martes pasado, en sesi\u00f3n extraordinaria, los ediles de Ingeniero Luiggi\u00a0 hab\u00edan dispuesto por mayor\u00eda\u00a0<strong>(con los votos del justicialismo y el PRO, y el rechazo de la UCR)<\/strong>\u00a0 un aumento en sus \u00a0dietas.<\/p>\n<p>En la sesi\u00f3n extraordinaria,\u00a0 los concejales trataron la dieta de la intendenta Patricia Lavin, que finalmente acordaron que continuara siendo el\u00a0<strong>equivalente a lo que cobra un subsecretario de la provincia (Unos 180 mil pesos)<\/strong>\u00a0que era el sueldo percibido por el exintendente Oscar Zanoli.<\/p>\n<p>En relaci\u00f3n al sueldo de los concejales,<strong>\u00a0el bloque del PRO propuso que sea un 20% del sueldo del intendente<\/strong>\u00a0(hasta ahora el porcentaje percibido era del 15%)<\/p>\n<p><strong>El Bloque Justicialista<\/strong>\u00a0propuso que sea un 25% del sueldo del intendente, mientras que el\u00a0<strong>Bloque Radical<\/strong>\u00a0propuso que se siga percibiendo como en la gesti\u00f3n de Oscar Zanoli un 15% del sueldo del intendente.<\/p>\n<p>Ante estas propuestas de los tres bloques se aprob\u00f3 por mayor\u00eda con<strong>\u00a05 votos del Bloque del PJ y un voto del PRO que pasen a cobrar el 25 % del sueldo del intendente.<\/strong><\/p>\n<p><strong>La decisi\u00f3n del Concejo Deliberante gener\u00f3 un gran rechazo en la poblaci\u00f3n, y el Lunes\u00a0 se conoci\u00f3 la decisi\u00f3n de la intendenta Patricia Lavin de vetar finalmente esta ordenanza.<\/strong><\/p>\n<\/div>\n<div class=\"oasis-despues-del-contenido\" id=\"oasis-3168028011\"><img loading=\"lazy\" decoding=\"async\" src=\"https:\/\/oasisfm935.com.ar\/site\/wp-content\/uploads\/2020\/08\/47806202-8741-49f2-a5c9-d2f930e5baa1.jpg\" alt=\"\"  srcset=\"https:\/\/oasisfm935.com.ar\/site\/wp-content\/uploads\/2020\/08\/47806202-8741-49f2-a5c9-d2f930e5baa1.jpg 1080w, https:\/\/oasisfm935.com.ar\/site\/wp-content\/uploads\/2020\/08\/47806202-8741-49f2-a5c9-d2f930e5baa1-300x300.jpg 300w, https:\/\/oasisfm935.com.ar\/site\/wp-content\/uploads\/2020\/08\/47806202-8741-49f2-a5c9-d2f930e5baa1-1024x1024.jpg 1024w, https:\/\/oasisfm935.com.ar\/site\/wp-content\/uploads\/2020\/08\/47806202-8741-49f2-a5c9-d2f930e5baa1-150x150.jpg 150w, https:\/\/oasisfm935.com.ar\/site\/wp-content\/uploads\/2020\/08\/47806202-8741-49f2-a5c9-d2f930e5baa1-768x768.jpg 768w\" sizes=\"(max-width: 1080px) 100vw, 1080px\" class=\"no-lazyload\" width=\"1080\" height=\"1080\"  style=\"display: inline-block;\" \/><\/div>","protected":false},"excerpt":{"rendered":"<p>En un comunicado el Pro de Ingeniero Luggi\u00a0 en su pagina de oficial,\u00a0 comunic\u00f3 a la poblaci\u00f3n: Pueblo de Ingeniero Luiggi: Le<\/p>\n","protected":false},"author":4,"featured_media":3315,"comment_status":"closed","ping_status":"open","sticky":false,"template":"","format":"standard","meta":{"colormag_page_layout":"default_layout","footnotes":""},"categories":[2],"tags":[],"class_list":["post-3314","post","type-post","status-publish","format-standard","has-post-thumbnail","hentry","category-noticias"],"_links":{"self":[{"href":"https:\/\/oasisfm935.com.ar\/site\/wp-json\/wp\/v2\/posts\/3314","targetHints":{"allow":["GET"]}}],"collection":[{"href":"https:\/\/oasisfm935.com.ar\/site\/wp-json\/wp\/v2\/posts"}],"about":[{"href":"https:\/\/oasisfm935.com.ar\/site\/wp-json\/wp\/v2\/types\/post"}],"author":[{"embeddable":true,"href":"https:\/\/oasisfm935.com.ar\/site\/wp-json\/wp\/v2\/users\/4"}],"replies":[{"embeddable":true,"href":"https:\/\/oasisfm935.com.ar\/site\/wp-json\/wp\/v2\/comments?post=3314"}],"version-history":[{"count":8,"href":"https:\/\/oasisfm935.com.ar\/site\/wp-json\/wp\/v2\/posts\/3314\/revisions"}],"predecessor-version":[{"id":3323,"href":"https:\/\/oasisfm935.com.ar\/site\/wp-json\/wp\/v2\/posts\/3314\/revisions\/3323"}],"wp:featuredmedia":[{"embeddable":true,"href":"https:\/\/oasisfm935.com.ar\/site\/wp-json\/wp\/v2\/media\/3315"}],"wp:attachment":[{"href":"https:\/\/oasisfm935.com.ar\/site\/wp-json\/wp\/v2\/media?parent=3314"}],"wp:term":[{"taxonomy":"category","embeddable":true,"href":"https:\/\/oasisfm935.com.ar\/site\/wp-json\/wp\/v2\/categories?post=3314"},{"taxonomy":"post_tag","embeddable":true,"href":"https:\/\/oasisfm935.com.ar\/site\/wp-json\/wp\/v2\/tags?post=3314"}],"curies":[{"name":"wp","href":"https:\/\/api.w.org\/{rel}","templated":true}]}}