{"id":3331,"date":"2019-12-19T12:03:43","date_gmt":"2019-12-19T15:03:43","guid":{"rendered":"http:\/\/oasisfm935.com\/site\/?p=3331"},"modified":"2019-12-19T12:04:15","modified_gmt":"2019-12-19T15:04:15","slug":"nacion-ofrecio-a-la-pampa-bonos-por-la-deuda-de-13-mil-millones","status":"publish","type":"post","link":"https:\/\/oasisfm935.com.ar\/site\/nacion-ofrecio-a-la-pampa-bonos-por-la-deuda-de-13-mil-millones\/","title":{"rendered":"Naci\u00f3n ofreci\u00f3 a La Pampa bonos por la deuda de 13 mil millones"},"content":{"rendered":"<p><strong>El gobernador Sergio Ziliotto<\/strong>\u00a0revel\u00f3 que la gesti\u00f3n del presidente Alberto Fern\u00e1ndez se comprometi\u00f3 a abonar la deuda con la provincia. La Pampa lo destinar\u00e1 a obras p\u00fablicas y desarrollo productivo a trav\u00e9s de los fideicomisos.<\/p>\n<p>El gobernador Sergio Ziliotto cont\u00f3 este jueves algunos detalles del encuentro que mantuvo con el presidente Alberto Fern\u00e1ndez y los ministros de Obras P\u00fablicas y de Producci\u00f3n de Naci\u00f3n.<\/p>\n<p>Revel\u00f3 que el monto de la deuda que tiene Naci\u00f3n con La Pampa \u201ces de alrededor de 13 mil millones de pesos\u201d. El ofrecimiento de Fern\u00e1ndez es cancelar la deuda con \u201ctitulos p\u00fablicos\u201d que ser\u00e1n destinados los fideicomisos que fueron creados para construcci\u00f3n de viviendas y desarrollo productivo de la provincia.<\/p>\n<p>Sobre la deuda, Ziliotto detall\u00f3 que los 13 mil millones son, por un lado, el reclamo por la devoluci\u00f3n del 1,9% del decreto 1399\/01 de la coparticipaci\u00f3n que La Pampa tiene sentencia firme; y por otro, la deuda previsional de los a\u00f1os 2009 a 2014. \u00abSon dos sumas muy parecidas, unos 6 mil millones de pesos cada una\u00bb, dijo.<\/p>\n<p>&nbsp;<\/p>\n<p>\u00abEl fallo de la 1399 que tiene sentencia de la Corte y estamos esperando que la Corte defina cu\u00e1l es la tasa que se aplica al valor hist\u00f3rico, y el deficit previsional del a\u00f1o 2009 a 2014. Hay tambi\u00e9n 300 millones de deuda por viviendas\u00bb, precis\u00f3.<\/p>\n<p>\u201cNo creo que venga un cami\u00f3n de caudales, estacione y nos bajen el dinero sino que nos den un t\u00edtulo p\u00fablico para que a trav\u00e9s de los fideicomisos que hemos armado v\u00eda ley, a trav\u00e9s del Banco de La Pampa, hacer una herramienta fiscal. En garant\u00eda de ese dinero hacer obra p\u00fablica e inversi\u00f3n productiva. Hoy no tenemos otra alternativa y lo sabemos. Pero nos va a permitir volcar esos recursos a la producci\u00f3n y la realizaci\u00f3n de obras\u201d, explic\u00f3 Ziliotto en declaraciones radiales.<\/p>\n<p>Sobre el encuentro con los ministros de Obras P\u00fablicas, Gabriel Katopodis; y de Producci\u00f3n, Mat\u00edas Kulfas, el gobernador explic\u00f3 que \u201clas reuniones fueron en principio para conocernos. La idea era empezar a trabajar institucionalmente en forma conjunta. Hemos recibido un gran apoyo y compromiso. Pusimos en situaci\u00f3n a los ministros cu\u00e1les son las problem\u00e1ticas de la provinca de La Pampa\u201d.<\/p>\n<p>&nbsp;<\/p>\n<div class=\"oasis-despues-del-contenido\" id=\"oasis-2567324603\"><img loading=\"lazy\" decoding=\"async\" src=\"https:\/\/oasisfm935.com.ar\/site\/wp-content\/uploads\/2020\/08\/47806202-8741-49f2-a5c9-d2f930e5baa1.jpg\" alt=\"\"  srcset=\"https:\/\/oasisfm935.com.ar\/site\/wp-content\/uploads\/2020\/08\/47806202-8741-49f2-a5c9-d2f930e5baa1.jpg 1080w, https:\/\/oasisfm935.com.ar\/site\/wp-content\/uploads\/2020\/08\/47806202-8741-49f2-a5c9-d2f930e5baa1-300x300.jpg 300w, https:\/\/oasisfm935.com.ar\/site\/wp-content\/uploads\/2020\/08\/47806202-8741-49f2-a5c9-d2f930e5baa1-1024x1024.jpg 1024w, https:\/\/oasisfm935.com.ar\/site\/wp-content\/uploads\/2020\/08\/47806202-8741-49f2-a5c9-d2f930e5baa1-150x150.jpg 150w, https:\/\/oasisfm935.com.ar\/site\/wp-content\/uploads\/2020\/08\/47806202-8741-49f2-a5c9-d2f930e5baa1-768x768.jpg 768w\" sizes=\"(max-width: 1080px) 100vw, 1080px\" class=\"no-lazyload\" width=\"1080\" height=\"1080\"  style=\"display: inline-block;\" \/><\/div>","protected":false},"excerpt":{"rendered":"<p>El gobernador Sergio Ziliotto\u00a0revel\u00f3 que la gesti\u00f3n del presidente Alberto Fern\u00e1ndez se comprometi\u00f3 a abonar la deuda con la provincia. La Pampa<\/p>\n","protected":false},"author":4,"featured_media":3332,"comment_status":"closed","ping_status":"open","sticky":false,"template":"","format":"standard","meta":{"colormag_page_layout":"default_layout","footnotes":""},"categories":[2],"tags":[],"class_list":["post-3331","post","type-post","status-publish","format-standard","has-post-thumbnail","hentry","category-noticias"],"_links":{"self":[{"href":"https:\/\/oasisfm935.com.ar\/site\/wp-json\/wp\/v2\/posts\/3331","targetHints":{"allow":["GET"]}}],"collection":[{"href":"https:\/\/oasisfm935.com.ar\/site\/wp-json\/wp\/v2\/posts"}],"about":[{"href":"https:\/\/oasisfm935.com.ar\/site\/wp-json\/wp\/v2\/types\/post"}],"author":[{"embeddable":true,"href":"https:\/\/oasisfm935.com.ar\/site\/wp-json\/wp\/v2\/users\/4"}],"replies":[{"embeddable":true,"href":"https:\/\/oasisfm935.com.ar\/site\/wp-json\/wp\/v2\/comments?post=3331"}],"version-history":[{"count":1,"href":"https:\/\/oasisfm935.com.ar\/site\/wp-json\/wp\/v2\/posts\/3331\/revisions"}],"predecessor-version":[{"id":3333,"href":"https:\/\/oasisfm935.com.ar\/site\/wp-json\/wp\/v2\/posts\/3331\/revisions\/3333"}],"wp:featuredmedia":[{"embeddable":true,"href":"https:\/\/oasisfm935.com.ar\/site\/wp-json\/wp\/v2\/media\/3332"}],"wp:attachment":[{"href":"https:\/\/oasisfm935.com.ar\/site\/wp-json\/wp\/v2\/media?parent=3331"}],"wp:term":[{"taxonomy":"category","embeddable":true,"href":"https:\/\/oasisfm935.com.ar\/site\/wp-json\/wp\/v2\/categories?post=3331"},{"taxonomy":"post_tag","embeddable":true,"href":"https:\/\/oasisfm935.com.ar\/site\/wp-json\/wp\/v2\/tags?post=3331"}],"curies":[{"name":"wp","href":"https:\/\/api.w.org\/{rel}","templated":true}]}}