{"id":3334,"date":"2019-12-19T17:02:19","date_gmt":"2019-12-19T20:02:19","guid":{"rendered":"http:\/\/oasisfm935.com\/site\/?p=3334"},"modified":"2019-12-19T17:02:27","modified_gmt":"2019-12-19T20:02:27","slug":"el-gobierno-local-lanza-la-temporada-verano-2019-2020","status":"publish","type":"post","link":"https:\/\/oasisfm935.com.ar\/site\/el-gobierno-local-lanza-la-temporada-verano-2019-2020\/","title":{"rendered":"El Gobierno Local Lanza la temporada \u201cVerano 2019- 2020\u201d"},"content":{"rendered":"<p>El Gobierno Local comunica a la poblaci\u00f3n que a partir del S\u00e1bado 21 de Diciembre se abren las puertas del NATATORIO MUNICIPAL, hasta el d\u00eda 29 de Febrero de 2020.<\/p>\n<p><a href=\"http:\/\/oasisfm935.com\/site\/wp-content\/uploads\/2019\/12\/80048999_2701256206624528_5507602254909145088_n.png\"><img loading=\"lazy\" decoding=\"async\" class=\"alignnone size-full wp-image-3336\" src=\"http:\/\/oasisfm935.com\/site\/wp-content\/uploads\/2019\/12\/80048999_2701256206624528_5507602254909145088_n.png\" alt=\"\" width=\"581\" height=\"387\" srcset=\"https:\/\/oasisfm935.com.ar\/site\/wp-content\/uploads\/2019\/12\/80048999_2701256206624528_5507602254909145088_n.png 581w, https:\/\/oasisfm935.com.ar\/site\/wp-content\/uploads\/2019\/12\/80048999_2701256206624528_5507602254909145088_n-300x200.png 300w\" sizes=\"auto, (max-width: 581px) 100vw, 581px\" \/><\/a><\/p>\n<p>Funcionar\u00e1 todos los d\u00edas de de 14 Hs. a 20 Hs.<\/p>\n<p>Para el ingreso al mismo es OBLIGATORIO presentar Certificado M\u00e9dico, que se puede obtener en el Hospital \u00bb Justo G. Ferraris\u00bb de lunes a lunes de 14: 00 hs a 16 :00 hs. o en el mismo natatorio de lunes a viernes de 14:00 hs. a 18:00 hs. o fines de semana de 14:00 hs a 19:00 hs.<\/p>\n<p>Los esperamos a disfrutar y a cuidar las instalaciones del Parque Municipal.<\/p>\n<div class=\"oasis-despues-del-contenido\" id=\"oasis-1619709201\"><img loading=\"lazy\" decoding=\"async\" src=\"https:\/\/oasisfm935.com.ar\/site\/wp-content\/uploads\/2020\/08\/47806202-8741-49f2-a5c9-d2f930e5baa1.jpg\" alt=\"\"  srcset=\"https:\/\/oasisfm935.com.ar\/site\/wp-content\/uploads\/2020\/08\/47806202-8741-49f2-a5c9-d2f930e5baa1.jpg 1080w, https:\/\/oasisfm935.com.ar\/site\/wp-content\/uploads\/2020\/08\/47806202-8741-49f2-a5c9-d2f930e5baa1-300x300.jpg 300w, https:\/\/oasisfm935.com.ar\/site\/wp-content\/uploads\/2020\/08\/47806202-8741-49f2-a5c9-d2f930e5baa1-1024x1024.jpg 1024w, https:\/\/oasisfm935.com.ar\/site\/wp-content\/uploads\/2020\/08\/47806202-8741-49f2-a5c9-d2f930e5baa1-150x150.jpg 150w, https:\/\/oasisfm935.com.ar\/site\/wp-content\/uploads\/2020\/08\/47806202-8741-49f2-a5c9-d2f930e5baa1-768x768.jpg 768w\" sizes=\"(max-width: 1080px) 100vw, 1080px\" class=\"no-lazyload\" width=\"1080\" height=\"1080\"  style=\"display: inline-block;\" \/><\/div>","protected":false},"excerpt":{"rendered":"<p>El Gobierno Local comunica a la poblaci\u00f3n que a partir del S\u00e1bado 21 de Diciembre se abren las puertas del NATATORIO MUNICIPAL,<\/p>\n","protected":false},"author":4,"featured_media":3335,"comment_status":"closed","ping_status":"open","sticky":false,"template":"","format":"standard","meta":{"colormag_page_layout":"default_layout","footnotes":""},"categories":[2],"tags":[],"class_list":["post-3334","post","type-post","status-publish","format-standard","has-post-thumbnail","hentry","category-noticias"],"_links":{"self":[{"href":"https:\/\/oasisfm935.com.ar\/site\/wp-json\/wp\/v2\/posts\/3334","targetHints":{"allow":["GET"]}}],"collection":[{"href":"https:\/\/oasisfm935.com.ar\/site\/wp-json\/wp\/v2\/posts"}],"about":[{"href":"https:\/\/oasisfm935.com.ar\/site\/wp-json\/wp\/v2\/types\/post"}],"author":[{"embeddable":true,"href":"https:\/\/oasisfm935.com.ar\/site\/wp-json\/wp\/v2\/users\/4"}],"replies":[{"embeddable":true,"href":"https:\/\/oasisfm935.com.ar\/site\/wp-json\/wp\/v2\/comments?post=3334"}],"version-history":[{"count":1,"href":"https:\/\/oasisfm935.com.ar\/site\/wp-json\/wp\/v2\/posts\/3334\/revisions"}],"predecessor-version":[{"id":3337,"href":"https:\/\/oasisfm935.com.ar\/site\/wp-json\/wp\/v2\/posts\/3334\/revisions\/3337"}],"wp:featuredmedia":[{"embeddable":true,"href":"https:\/\/oasisfm935.com.ar\/site\/wp-json\/wp\/v2\/media\/3335"}],"wp:attachment":[{"href":"https:\/\/oasisfm935.com.ar\/site\/wp-json\/wp\/v2\/media?parent=3334"}],"wp:term":[{"taxonomy":"category","embeddable":true,"href":"https:\/\/oasisfm935.com.ar\/site\/wp-json\/wp\/v2\/categories?post=3334"},{"taxonomy":"post_tag","embeddable":true,"href":"https:\/\/oasisfm935.com.ar\/site\/wp-json\/wp\/v2\/tags?post=3334"}],"curies":[{"name":"wp","href":"https:\/\/api.w.org\/{rel}","templated":true}]}}