{"id":3338,"date":"2019-12-20T08:31:04","date_gmt":"2019-12-20T11:31:04","guid":{"rendered":"http:\/\/oasisfm935.com\/site\/?p=3338"},"modified":"2019-12-20T08:31:14","modified_gmt":"2019-12-20T11:31:14","slug":"tormenta-de-viento-y-granizo-tiro-palmeras-plantas-y-dejo-sin-luz-a-ing-luiggi-y-emb-martini","status":"publish","type":"post","link":"https:\/\/oasisfm935.com.ar\/site\/tormenta-de-viento-y-granizo-tiro-palmeras-plantas-y-dejo-sin-luz-a-ing-luiggi-y-emb-martini\/","title":{"rendered":"Tormenta de viento y granizo tir\u00f3 palmeras, plantas y dej\u00f3 sin luz a Ing. Luiggi y Emb. Martini"},"content":{"rendered":"<p>En la tarde de hoy, pasadas las 18,30 horas se desat\u00f3 una fuerte tormenta, que vino acompa\u00f1ada de granizo\u00a0 \u00a0y \u00a0r\u00e1fagas que oscilaron entre los 80 y los 100 kil\u00f3metros por hora. El\u00a0 fen\u00f3meno clim\u00e1tico tir\u00f3 plantas, palmeras de electricidad y dej\u00f3 sin luz e internet a Ingeniero Luiggi y Embajador Martini.<\/p>\n<p>La cuadrilla completa de los bomberos voluntarios de Ingeniero Luiggi \u00a0junto a personal policial y municipal, trabajaron hasta altas horas de la madrugada retirando \u00e1rboles ca\u00eddos y ramas en distintos sectores del pueblo.<\/p>\n<p><img decoding=\"async\" src=\"https:\/\/www.zonalnoticias.com\/images\/tormenta_luiggi_plantas.jpg\" \/><\/p>\n<p>Adem\u00e1s se sumaron los bomberos de Arata a colaborar frente a la magnitud de los da\u00f1os que dej\u00f3 el viento que alcanz\u00f3 los 100 km por hora.<\/p>\n<p>Por su parte el personal de la Copeospil contin\u00faa trabajando por estas horas, tratando de restablecer el servicio el\u00e9ctrico y de internet que seg\u00fan estimaron \u201c<strong>tardar\u00e1 varias horas en regresar por los da\u00f1os que ocasion\u00f3 el viento en las l\u00edneas el\u00e9ctricas\u201d.<\/strong><\/p>\n<p><img decoding=\"async\" src=\"https:\/\/www.zonalnoticias.com\/images\/tormenta_luiggi_copeospil.jpg\" \/><\/p>\n<p>Adem\u00e1s pidieron a la poblaci\u00f3n\u00a0<strong>extremar el cuidado del agua<\/strong>\u00a0porque las l\u00edneas el\u00e9ctricas que alimentan las bombas, se vieron da\u00f1adas. Desde la Copeospil aseguraron a\u00a0<strong>Zonal Noticias<\/strong>\u00a0que los da\u00f1os fueron cuantiosos y \u00aba\u00fan faltan evaluar los da\u00f1os que caus\u00f3 en viento en las l\u00edneas rurales\u00bb.<\/p>\n<p>Seg\u00fan la informaci\u00f3n brindada por los bomberos\u00a0 voluntarios a este portal<strong>,<\/strong>\u00a0hubo palmeras de electricidad ca\u00eddas, \u00e1rboles arrancados de ra\u00edz, voladuras de techos, pero hasta el momento no se reportaron heridos.<\/p>\n<p><img decoding=\"async\" src=\"https:\/\/www.zonalnoticias.com\/images\/tormenta_luiggi_plantas_raiz.jpg\" \/><\/p>\n<p><img decoding=\"async\" src=\"https:\/\/www.zonalnoticias.com\/images\/tormenta_luiggi_tapa.jpg\" \/><\/p>\n<p>Desde las 18,45 en que ocurri\u00f3 el fen\u00f3meno, la localidad de Ingeniero Luiggi y Embajador Martini permanecen sin energ\u00eda el\u00e9ctrica ni servicio de internet.<\/p>\n<p>Los bomberos de Ingeniero Luiggi recomendaron circular con precauci\u00f3n por los \u00e1rboles ca\u00eddos y porque hay muchos cables de energ\u00eda el\u00e9ctrica, telefon\u00eda e internet\u00a0 en el suelo.<\/p>\n<p><img decoding=\"async\" src=\"https:\/\/www.zonalnoticias.com\/images\/tormenta_luiggi_bibi_1.jpg\" \/><\/p>\n<p><img decoding=\"async\" src=\"https:\/\/www.zonalnoticias.com\/images\/tormenta_luiggi_ultima.jpg\" \/><\/p>\n<p>El sector m\u00e1s afectado fue el centro de la localidad hacia el sur, donde las r\u00e1fagas fueron m\u00e1s intensas y superaron los 100 km por hora.<\/p>\n<p><img decoding=\"async\" src=\"https:\/\/www.zonalnoticias.com\/images\/tormenta_luiggi.jpg\" \/><\/p>\n<p><img decoding=\"async\" src=\"https:\/\/www.zonalnoticias.com\/images\/tormenta_luiggi.jpg\" \/><\/p>\n<p>ambi\u00e9n a ra\u00edz del fuerte viento, se confirm\u00f3 un despiste de un veh\u00edculo en la ruta provincial 9 entre Ingeniero Luiggi y Caleuf\u00fa.\u00a0 All\u00ed trabajaron bomberos de Arata, pero no hubo lesionados.<\/p>\n<div class=\"oasis-despues-del-contenido\" id=\"oasis-2274601154\"><img loading=\"lazy\" decoding=\"async\" src=\"https:\/\/oasisfm935.com.ar\/site\/wp-content\/uploads\/2020\/08\/47806202-8741-49f2-a5c9-d2f930e5baa1.jpg\" alt=\"\"  srcset=\"https:\/\/oasisfm935.com.ar\/site\/wp-content\/uploads\/2020\/08\/47806202-8741-49f2-a5c9-d2f930e5baa1.jpg 1080w, https:\/\/oasisfm935.com.ar\/site\/wp-content\/uploads\/2020\/08\/47806202-8741-49f2-a5c9-d2f930e5baa1-300x300.jpg 300w, https:\/\/oasisfm935.com.ar\/site\/wp-content\/uploads\/2020\/08\/47806202-8741-49f2-a5c9-d2f930e5baa1-1024x1024.jpg 1024w, https:\/\/oasisfm935.com.ar\/site\/wp-content\/uploads\/2020\/08\/47806202-8741-49f2-a5c9-d2f930e5baa1-150x150.jpg 150w, https:\/\/oasisfm935.com.ar\/site\/wp-content\/uploads\/2020\/08\/47806202-8741-49f2-a5c9-d2f930e5baa1-768x768.jpg 768w\" sizes=\"(max-width: 1080px) 100vw, 1080px\" class=\"no-lazyload\" width=\"1080\" height=\"1080\"  style=\"display: inline-block;\" \/><\/div>","protected":false},"excerpt":{"rendered":"<p>En la tarde de hoy, pasadas las 18,30 horas se desat\u00f3 una fuerte tormenta, que vino acompa\u00f1ada de granizo\u00a0 \u00a0y \u00a0r\u00e1fagas que<\/p>\n","protected":false},"author":4,"featured_media":3339,"comment_status":"closed","ping_status":"open","sticky":false,"template":"","format":"standard","meta":{"colormag_page_layout":"default_layout","footnotes":""},"categories":[2],"tags":[],"class_list":["post-3338","post","type-post","status-publish","format-standard","has-post-thumbnail","hentry","category-noticias"],"_links":{"self":[{"href":"https:\/\/oasisfm935.com.ar\/site\/wp-json\/wp\/v2\/posts\/3338","targetHints":{"allow":["GET"]}}],"collection":[{"href":"https:\/\/oasisfm935.com.ar\/site\/wp-json\/wp\/v2\/posts"}],"about":[{"href":"https:\/\/oasisfm935.com.ar\/site\/wp-json\/wp\/v2\/types\/post"}],"author":[{"embeddable":true,"href":"https:\/\/oasisfm935.com.ar\/site\/wp-json\/wp\/v2\/users\/4"}],"replies":[{"embeddable":true,"href":"https:\/\/oasisfm935.com.ar\/site\/wp-json\/wp\/v2\/comments?post=3338"}],"version-history":[{"count":1,"href":"https:\/\/oasisfm935.com.ar\/site\/wp-json\/wp\/v2\/posts\/3338\/revisions"}],"predecessor-version":[{"id":3340,"href":"https:\/\/oasisfm935.com.ar\/site\/wp-json\/wp\/v2\/posts\/3338\/revisions\/3340"}],"wp:featuredmedia":[{"embeddable":true,"href":"https:\/\/oasisfm935.com.ar\/site\/wp-json\/wp\/v2\/media\/3339"}],"wp:attachment":[{"href":"https:\/\/oasisfm935.com.ar\/site\/wp-json\/wp\/v2\/media?parent=3338"}],"wp:term":[{"taxonomy":"category","embeddable":true,"href":"https:\/\/oasisfm935.com.ar\/site\/wp-json\/wp\/v2\/categories?post=3338"},{"taxonomy":"post_tag","embeddable":true,"href":"https:\/\/oasisfm935.com.ar\/site\/wp-json\/wp\/v2\/tags?post=3338"}],"curies":[{"name":"wp","href":"https:\/\/api.w.org\/{rel}","templated":true}]}}