{"id":3341,"date":"2019-12-20T08:59:18","date_gmt":"2019-12-20T11:59:18","guid":{"rendered":"http:\/\/oasisfm935.com\/site\/?p=3341"},"modified":"2019-12-20T08:59:26","modified_gmt":"2019-12-20T11:59:26","slug":"piden-hacer-uso-racional-del-agua-en-luiggi","status":"publish","type":"post","link":"https:\/\/oasisfm935.com.ar\/site\/piden-hacer-uso-racional-del-agua-en-luiggi\/","title":{"rendered":"Piden hacer uso racional del agua en Luiggi"},"content":{"rendered":"<p>Comunicado de la Cooperativa.<br \/>\nSe\u00f1ores Asociados:<br \/>\nDebido a la fuerte tormenta con r\u00e1fagas de casi 100 km\/h, hemos sufrido ca\u00edda de l\u00edneas el\u00e9ctricas en distintas zonas de la localidad de Ingeniero Luiggi, Embajador Martini y zona rural.<br \/>\nSi bien personal de l\u00ednea se encuentra trabajando intensamente para reparar los da\u00f1os, a\u00fan seguimos en alerta respecto a la provisi\u00f3n de agua corriente. Esto debido a que las bombas de abastecimiento a la red quedaron fuera de servicios ayer po<span class=\"text_exposed_show\">r da\u00f1os severos en las l\u00edneas el\u00e9ctricas que hacen funcionar sus motores.<br \/>\nPor tal motivo, solicitamos HACER USO RACIONAL DEL AGUA hasta tanto se solucione el inconveniente.<\/span><\/p>\n<div class=\"oasis-despues-del-contenido\" id=\"oasis-4226473698\"><img loading=\"lazy\" decoding=\"async\" src=\"https:\/\/oasisfm935.com.ar\/site\/wp-content\/uploads\/2020\/08\/47806202-8741-49f2-a5c9-d2f930e5baa1.jpg\" alt=\"\"  srcset=\"https:\/\/oasisfm935.com.ar\/site\/wp-content\/uploads\/2020\/08\/47806202-8741-49f2-a5c9-d2f930e5baa1.jpg 1080w, https:\/\/oasisfm935.com.ar\/site\/wp-content\/uploads\/2020\/08\/47806202-8741-49f2-a5c9-d2f930e5baa1-300x300.jpg 300w, https:\/\/oasisfm935.com.ar\/site\/wp-content\/uploads\/2020\/08\/47806202-8741-49f2-a5c9-d2f930e5baa1-1024x1024.jpg 1024w, https:\/\/oasisfm935.com.ar\/site\/wp-content\/uploads\/2020\/08\/47806202-8741-49f2-a5c9-d2f930e5baa1-150x150.jpg 150w, https:\/\/oasisfm935.com.ar\/site\/wp-content\/uploads\/2020\/08\/47806202-8741-49f2-a5c9-d2f930e5baa1-768x768.jpg 768w\" sizes=\"(max-width: 1080px) 100vw, 1080px\" class=\"no-lazyload\" width=\"1080\" height=\"1080\"  style=\"display: inline-block;\" \/><\/div>","protected":false},"excerpt":{"rendered":"<p>Comunicado de la Cooperativa. Se\u00f1ores Asociados: Debido a la fuerte tormenta con r\u00e1fagas de casi 100 km\/h, hemos sufrido ca\u00edda de l\u00edneas<\/p>\n","protected":false},"author":4,"featured_media":3343,"comment_status":"closed","ping_status":"open","sticky":false,"template":"","format":"standard","meta":{"colormag_page_layout":"default_layout","footnotes":""},"categories":[2],"tags":[],"class_list":["post-3341","post","type-post","status-publish","format-standard","has-post-thumbnail","hentry","category-noticias"],"_links":{"self":[{"href":"https:\/\/oasisfm935.com.ar\/site\/wp-json\/wp\/v2\/posts\/3341","targetHints":{"allow":["GET"]}}],"collection":[{"href":"https:\/\/oasisfm935.com.ar\/site\/wp-json\/wp\/v2\/posts"}],"about":[{"href":"https:\/\/oasisfm935.com.ar\/site\/wp-json\/wp\/v2\/types\/post"}],"author":[{"embeddable":true,"href":"https:\/\/oasisfm935.com.ar\/site\/wp-json\/wp\/v2\/users\/4"}],"replies":[{"embeddable":true,"href":"https:\/\/oasisfm935.com.ar\/site\/wp-json\/wp\/v2\/comments?post=3341"}],"version-history":[{"count":1,"href":"https:\/\/oasisfm935.com.ar\/site\/wp-json\/wp\/v2\/posts\/3341\/revisions"}],"predecessor-version":[{"id":3344,"href":"https:\/\/oasisfm935.com.ar\/site\/wp-json\/wp\/v2\/posts\/3341\/revisions\/3344"}],"wp:featuredmedia":[{"embeddable":true,"href":"https:\/\/oasisfm935.com.ar\/site\/wp-json\/wp\/v2\/media\/3343"}],"wp:attachment":[{"href":"https:\/\/oasisfm935.com.ar\/site\/wp-json\/wp\/v2\/media?parent=3341"}],"wp:term":[{"taxonomy":"category","embeddable":true,"href":"https:\/\/oasisfm935.com.ar\/site\/wp-json\/wp\/v2\/categories?post=3341"},{"taxonomy":"post_tag","embeddable":true,"href":"https:\/\/oasisfm935.com.ar\/site\/wp-json\/wp\/v2\/tags?post=3341"}],"curies":[{"name":"wp","href":"https:\/\/api.w.org\/{rel}","templated":true}]}}