{"id":3348,"date":"2019-12-20T11:59:43","date_gmt":"2019-12-20T14:59:43","guid":{"rendered":"http:\/\/oasisfm935.com\/site\/?p=3348"},"modified":"2019-12-20T11:59:43","modified_gmt":"2019-12-20T14:59:43","slug":"patricia-lavin-evaluo-los-danos-de-la-tormenta-y-agradecio-a-todos-los-que-trabajaron","status":"publish","type":"post","link":"https:\/\/oasisfm935.com.ar\/site\/patricia-lavin-evaluo-los-danos-de-la-tormenta-y-agradecio-a-todos-los-que-trabajaron\/","title":{"rendered":"Patricia Lavin evalu\u00f3 los da\u00f1os de la tormenta y agradeci\u00f3 a \u00abtodos los que trabajaron\u00bb"},"content":{"rendered":"<p>La intendenta de Ingeniero Luiggi Patricia Lavin hizo una primera evaluaci\u00f3n de los da\u00f1os que dej\u00f3 tormenta de ayer con ca\u00edda de granizo y vientos de hasta 100 kil\u00f3metros por hora y destac\u00f3 el trabajo de todos los servidores p\u00fablicos.<\/p>\n<p>La jefa comunal explic\u00f3 que lo m\u00e1s preocupante fue el granizo y las r\u00e1fagas de viento que generaron algunas complicaciones.<\/p>\n<p>En este sentido Lavin destac\u00f3 que \u00ablos desagues funcionaron perfecto, en pocos minutos el agua escurri\u00f3 y eso sin lugar a dudas es producto del trabajo que se vino haciendo todo este tiempo\u00bb.<\/p>\n<p>Lavin se\u00f1al\u00f3 que el trabajo ayer\u00a0 \u00abfue muy intenso\u00bb y en este sentido destac\u00f3 el trabajo de bomberos, personal policial, municipal y en especial de los t\u00e9cnicos de la Cooperativa de Electricidad que \u00abtrabajaron toda la noche para reestablecer el servicio\u00bb.<\/p>\n<p><strong>\u00abUna vez que pas\u00f3 el viento, bomberos ya comenz\u00f3 a recorrer la localidad junto a personal policial, adem\u00e1s de la cooperativa que puso a disposici\u00f3n su personal para ver cu\u00e1les eran los sectores m\u00e1s complicados\u00bb<\/strong>, explic\u00f3 Lavin.<\/p>\n<p><img decoding=\"async\" src=\"https:\/\/www.zonalnoticias.com\/images\/tormenta_luiggi_copeo_rec.jpg\" \/><\/p>\n<p>La jefa comunal destac\u00f3 el trabajo mancomunado de todos los servidores p\u00fablicos. \u00abEs muy importante ver c\u00f3mo ante una emergencia se ponen a disposici\u00f3n de los distintos mecanismos que tiene cada instituci\u00f3n: bomberos, polic\u00eda, municipio, personal de la Copeospil\u00bb.<\/p>\n<p><strong>\u00abHoy a primera hora se llev\u00f3 adelante la limpieza correspondiente en toda la localidad\u00bb,<\/strong>\u00a0ante la gran ca\u00edda de \u00e1rboles y ramas, producto de las r\u00e1fagas de 100 km por hora\u00bb, indic\u00f3.<\/p>\n<p>\u00abNo hemos tenido familias afectadas, s\u00f3lo el ingreso de agua en unas tres viviendas m\u00e1s precarias, que fueron asistidas por el Area de Acci\u00f3n Social, pero no hubo necesidad de evacuar\u00bb, expres\u00f3 Lavin.<\/p>\n<p>&nbsp;<\/p>\n<p>La jefa comunal indic\u00f3 que \u00ab<strong>las autoridades provinciales a trav\u00e9s de la Secretar\u00eda de Asuntos Municipales Rogelio Schanton ya se pusieron a disposici\u00f3n de nuestra localidad, como tambi\u00e9n de Embajador Martini\u00bb<\/strong>, indic\u00f3.<\/p>\n<p>La jefa comunal hizo un reconocimiento especial al personal de la Copeospil que \u00abhasta altas horas de la madrugada, y en medio de la lluvia y el viento, trabajaron para reestablecer el servicio el\u00e9ctrico en la localidad\u00bb.<\/p>\n<p><img decoding=\"async\" src=\"https:\/\/www.zonalnoticias.com\/images\/tormenta_luiggi_copeo_4.jpg\" \/><\/p>\n<p>La intendenta inform\u00f3 que tambi\u00e9n se encuentra trabaajndo Aguas del Colorado porque la troncal que abastece con fibra \u00f3ptica tambi\u00e9n fue afectada.<\/p>\n<p>Mencion\u00f3 que la zona rural a\u00fan permanece sin suminstro el\u00e9ctrico, porque se prioriz\u00f3 la localidad. \u00abEn estos momentos est\u00e1n trabajando para normalizar el servicio tambi\u00e9n en el sector rural\u00bb, expres\u00f3 la jefa comunal.<\/p>\n<p>Adem\u00e1s reiter\u00f3 el pedido a los vecinos que\u00a0<strong>\u00abhagan un uso racional de agua<\/strong>\u00bb porque las l\u00edneas el\u00e9ctricas que abastecen las bombas tambi\u00e9n se vieron da\u00f1adas por el fuerte viento.<\/p>\n<div class=\"oasis-despues-del-contenido\" id=\"oasis-3788201552\"><img loading=\"lazy\" decoding=\"async\" src=\"https:\/\/oasisfm935.com.ar\/site\/wp-content\/uploads\/2020\/08\/47806202-8741-49f2-a5c9-d2f930e5baa1.jpg\" alt=\"\"  srcset=\"https:\/\/oasisfm935.com.ar\/site\/wp-content\/uploads\/2020\/08\/47806202-8741-49f2-a5c9-d2f930e5baa1.jpg 1080w, https:\/\/oasisfm935.com.ar\/site\/wp-content\/uploads\/2020\/08\/47806202-8741-49f2-a5c9-d2f930e5baa1-300x300.jpg 300w, https:\/\/oasisfm935.com.ar\/site\/wp-content\/uploads\/2020\/08\/47806202-8741-49f2-a5c9-d2f930e5baa1-1024x1024.jpg 1024w, https:\/\/oasisfm935.com.ar\/site\/wp-content\/uploads\/2020\/08\/47806202-8741-49f2-a5c9-d2f930e5baa1-150x150.jpg 150w, https:\/\/oasisfm935.com.ar\/site\/wp-content\/uploads\/2020\/08\/47806202-8741-49f2-a5c9-d2f930e5baa1-768x768.jpg 768w\" sizes=\"(max-width: 1080px) 100vw, 1080px\" class=\"no-lazyload\" width=\"1080\" height=\"1080\"  style=\"display: inline-block;\" \/><\/div>","protected":false},"excerpt":{"rendered":"<p>La intendenta de Ingeniero Luiggi Patricia Lavin hizo una primera evaluaci\u00f3n de los da\u00f1os que dej\u00f3 tormenta de ayer con ca\u00edda de<\/p>\n","protected":false},"author":4,"featured_media":3349,"comment_status":"closed","ping_status":"open","sticky":false,"template":"","format":"standard","meta":{"colormag_page_layout":"default_layout","footnotes":""},"categories":[2],"tags":[],"class_list":["post-3348","post","type-post","status-publish","format-standard","has-post-thumbnail","hentry","category-noticias"],"_links":{"self":[{"href":"https:\/\/oasisfm935.com.ar\/site\/wp-json\/wp\/v2\/posts\/3348","targetHints":{"allow":["GET"]}}],"collection":[{"href":"https:\/\/oasisfm935.com.ar\/site\/wp-json\/wp\/v2\/posts"}],"about":[{"href":"https:\/\/oasisfm935.com.ar\/site\/wp-json\/wp\/v2\/types\/post"}],"author":[{"embeddable":true,"href":"https:\/\/oasisfm935.com.ar\/site\/wp-json\/wp\/v2\/users\/4"}],"replies":[{"embeddable":true,"href":"https:\/\/oasisfm935.com.ar\/site\/wp-json\/wp\/v2\/comments?post=3348"}],"version-history":[{"count":1,"href":"https:\/\/oasisfm935.com.ar\/site\/wp-json\/wp\/v2\/posts\/3348\/revisions"}],"predecessor-version":[{"id":3350,"href":"https:\/\/oasisfm935.com.ar\/site\/wp-json\/wp\/v2\/posts\/3348\/revisions\/3350"}],"wp:featuredmedia":[{"embeddable":true,"href":"https:\/\/oasisfm935.com.ar\/site\/wp-json\/wp\/v2\/media\/3349"}],"wp:attachment":[{"href":"https:\/\/oasisfm935.com.ar\/site\/wp-json\/wp\/v2\/media?parent=3348"}],"wp:term":[{"taxonomy":"category","embeddable":true,"href":"https:\/\/oasisfm935.com.ar\/site\/wp-json\/wp\/v2\/categories?post=3348"},{"taxonomy":"post_tag","embeddable":true,"href":"https:\/\/oasisfm935.com.ar\/site\/wp-json\/wp\/v2\/tags?post=3348"}],"curies":[{"name":"wp","href":"https:\/\/api.w.org\/{rel}","templated":true}]}}