{"id":336,"date":"2019-01-16T10:02:47","date_gmt":"2019-01-16T13:02:47","guid":{"rendered":"http:\/\/oasisfm935.com\/site\/?p=336"},"modified":"2019-01-16T10:25:40","modified_gmt":"2019-01-16T13:25:40","slug":"casi-un-centenar-de-jovenes-participan-en-olimpiadas-juveniles-en-ingeniero-luiggi","status":"publish","type":"post","link":"https:\/\/oasisfm935.com.ar\/site\/casi-un-centenar-de-jovenes-participan-en-olimpiadas-juveniles-en-ingeniero-luiggi\/","title":{"rendered":"Casi un centenar de j\u00f3venes participan en olimpiadas juveniles en Ingeniero Luiggi"},"content":{"rendered":"<p class=\"lead nota-detalle-bajada\">Comenzaron en la tarde ayer\u00a0 las las Primeras Olimpiadas Juveniles de Verano en Ingeniero Luiggi, que se desarrollar\u00e1n hasta ma\u00f1ana, en el parque municipal Centenario, con la participaci\u00f3n de m\u00e1s de 80 j\u00f3venes de la localidad.<\/p>\n<div class=\"nota-detalle-cuerpo\">\n<p>El acto de apertura cont\u00f3 con la participaci\u00f3n de la subsecretaria de Descentralizaci\u00f3n Territorial, Patricia Lavin, el intendente local, Oscar Zanoli, el subsecretario de Juventud, Pablo Ferrero, el director de Juventud, Alexis Gigena, concejales y dem\u00e1s autoridades locales.<\/p>\n<p>La actividad es para j\u00f3venes de entre 16 y 18 a\u00f1os y est\u00e1 a cargo de los profesores Facundo Gazzola, Jorgelina Coria, Mauro Abratte, Franco Howlin, Nicolas Romo, Andr\u00e9s y Ramiro Baufino, con la colaboraci\u00f3n de todos los profes de la colonia de verano.<\/p>\n<p>En la jornada de hoy se desarrollaron los deportes f\u00fatbol y b\u00e1squet. En f\u00fatbol participaron las categor\u00edas 2000, 2001, 2002, 2003 y 2004. Fueron seis los equipos inscriptos con un total de 48 futbolistas.<\/p>\n<p>En b\u00e1squet se dividieron en categor\u00edas 99, 2000, 2001, 2002 con un total de 21 jugadores; y las categor\u00edas 2003 y 2004 con 15 participantes.<\/p>\n<p>La jornada prosigue ma\u00f1ana con beach v\u00f3ley, f\u00fatbol tenis y campeonato de penales, para los cuales contin\u00faa abierta la inscripci\u00f3n.<\/p>\n<\/div>\n<div><a href=\"http:\/\/oasisfm935.com\/site\/wp-content\/uploads\/2019\/01\/511111_apn-desarrollo-social-ing-luiggi-3-.jpg\"><img loading=\"lazy\" decoding=\"async\" class=\"alignnone size-medium wp-image-338\" src=\"http:\/\/oasisfm935.com\/site\/wp-content\/uploads\/2019\/01\/511111_apn-desarrollo-social-ing-luiggi-3--300x288.jpg\" alt=\"\" width=\"300\" height=\"288\" srcset=\"https:\/\/oasisfm935.com.ar\/site\/wp-content\/uploads\/2019\/01\/511111_apn-desarrollo-social-ing-luiggi-3--300x288.jpg 300w, https:\/\/oasisfm935.com.ar\/site\/wp-content\/uploads\/2019\/01\/511111_apn-desarrollo-social-ing-luiggi-3--768x737.jpg 768w, https:\/\/oasisfm935.com.ar\/site\/wp-content\/uploads\/2019\/01\/511111_apn-desarrollo-social-ing-luiggi-3--1024x983.jpg 1024w, https:\/\/oasisfm935.com.ar\/site\/wp-content\/uploads\/2019\/01\/511111_apn-desarrollo-social-ing-luiggi-3-.jpg 1500w\" sizes=\"auto, (max-width: 300px) 100vw, 300px\" \/><\/a><\/div>\n<div><\/div>\n<div>\n<p>En el acto inaugural Lavin agradeci\u00f3 al equipo de trabajo por la organizaci\u00f3n y alent\u00f3 a los j\u00f3venes a participar siempre de este tipo de actividades.<\/p>\n<p>Recordando que hace unos d\u00edas la ministra de Desarrollo Social, Fernanda Alonso, anunci\u00f3 las olimp\u00edadas, la subsecretaria sostuvo: \u201cLuiggi es la primera localidad donde se llevan a cabo; es una experiencia piloto, de dos d\u00edas, la convocatoria es a j\u00f3venes de entre 16 y 18 a\u00f1os y la idea es compartir, adem\u00e1s de las competencias, las tardes y actividades disfrutando el verano\u201d.<\/p>\n<p>Surge de una iniciativa de la localidad, que fue presentada a la ministra, y hoy es una realidad, \u201ca partir de la difusi\u00f3n, otras localidades lo piden, eso es lo importante. Son unos 80 j\u00f3venes hoy, con un premio a Pehuen C\u00f3 para los ganadores\u201d, concluy\u00f3.<\/p>\n<\/div>\n<div><a href=\"http:\/\/oasisfm935.com\/site\/wp-content\/uploads\/2019\/01\/575902_apn-desarrollo-social-ing-luiggi-1-.jpg\"><img loading=\"lazy\" decoding=\"async\" class=\"alignnone size-medium wp-image-339\" src=\"http:\/\/oasisfm935.com\/site\/wp-content\/uploads\/2019\/01\/575902_apn-desarrollo-social-ing-luiggi-1--300x179.jpg\" alt=\"\" width=\"300\" height=\"179\" srcset=\"https:\/\/oasisfm935.com.ar\/site\/wp-content\/uploads\/2019\/01\/575902_apn-desarrollo-social-ing-luiggi-1--300x179.jpg 300w, https:\/\/oasisfm935.com.ar\/site\/wp-content\/uploads\/2019\/01\/575902_apn-desarrollo-social-ing-luiggi-1--768x458.jpg 768w, https:\/\/oasisfm935.com.ar\/site\/wp-content\/uploads\/2019\/01\/575902_apn-desarrollo-social-ing-luiggi-1--1024x611.jpg 1024w, https:\/\/oasisfm935.com.ar\/site\/wp-content\/uploads\/2019\/01\/575902_apn-desarrollo-social-ing-luiggi-1-.jpg 1500w\" sizes=\"auto, (max-width: 300px) 100vw, 300px\" \/><\/a><\/div>\n<div class=\"oasis-despues-del-contenido\" id=\"oasis-3265242074\"><img loading=\"lazy\" decoding=\"async\" src=\"https:\/\/oasisfm935.com.ar\/site\/wp-content\/uploads\/2020\/08\/47806202-8741-49f2-a5c9-d2f930e5baa1.jpg\" alt=\"\"  srcset=\"https:\/\/oasisfm935.com.ar\/site\/wp-content\/uploads\/2020\/08\/47806202-8741-49f2-a5c9-d2f930e5baa1.jpg 1080w, https:\/\/oasisfm935.com.ar\/site\/wp-content\/uploads\/2020\/08\/47806202-8741-49f2-a5c9-d2f930e5baa1-300x300.jpg 300w, https:\/\/oasisfm935.com.ar\/site\/wp-content\/uploads\/2020\/08\/47806202-8741-49f2-a5c9-d2f930e5baa1-1024x1024.jpg 1024w, https:\/\/oasisfm935.com.ar\/site\/wp-content\/uploads\/2020\/08\/47806202-8741-49f2-a5c9-d2f930e5baa1-150x150.jpg 150w, https:\/\/oasisfm935.com.ar\/site\/wp-content\/uploads\/2020\/08\/47806202-8741-49f2-a5c9-d2f930e5baa1-768x768.jpg 768w\" sizes=\"(max-width: 1080px) 100vw, 1080px\" class=\"no-lazyload\" width=\"1080\" height=\"1080\"  style=\"display: inline-block;\" \/><\/div>","protected":false},"excerpt":{"rendered":"<p>Comenzaron en la tarde ayer\u00a0 las las Primeras Olimpiadas Juveniles de Verano en Ingeniero Luiggi, que se desarrollar\u00e1n hasta ma\u00f1ana, en el<\/p>\n","protected":false},"author":4,"featured_media":337,"comment_status":"closed","ping_status":"open","sticky":false,"template":"","format":"standard","meta":{"colormag_page_layout":"default_layout","footnotes":""},"categories":[2],"tags":[],"class_list":["post-336","post","type-post","status-publish","format-standard","has-post-thumbnail","hentry","category-noticias"],"_links":{"self":[{"href":"https:\/\/oasisfm935.com.ar\/site\/wp-json\/wp\/v2\/posts\/336","targetHints":{"allow":["GET"]}}],"collection":[{"href":"https:\/\/oasisfm935.com.ar\/site\/wp-json\/wp\/v2\/posts"}],"about":[{"href":"https:\/\/oasisfm935.com.ar\/site\/wp-json\/wp\/v2\/types\/post"}],"author":[{"embeddable":true,"href":"https:\/\/oasisfm935.com.ar\/site\/wp-json\/wp\/v2\/users\/4"}],"replies":[{"embeddable":true,"href":"https:\/\/oasisfm935.com.ar\/site\/wp-json\/wp\/v2\/comments?post=336"}],"version-history":[{"count":3,"href":"https:\/\/oasisfm935.com.ar\/site\/wp-json\/wp\/v2\/posts\/336\/revisions"}],"predecessor-version":[{"id":345,"href":"https:\/\/oasisfm935.com.ar\/site\/wp-json\/wp\/v2\/posts\/336\/revisions\/345"}],"wp:featuredmedia":[{"embeddable":true,"href":"https:\/\/oasisfm935.com.ar\/site\/wp-json\/wp\/v2\/media\/337"}],"wp:attachment":[{"href":"https:\/\/oasisfm935.com.ar\/site\/wp-json\/wp\/v2\/media?parent=336"}],"wp:term":[{"taxonomy":"category","embeddable":true,"href":"https:\/\/oasisfm935.com.ar\/site\/wp-json\/wp\/v2\/categories?post=336"},{"taxonomy":"post_tag","embeddable":true,"href":"https:\/\/oasisfm935.com.ar\/site\/wp-json\/wp\/v2\/tags?post=336"}],"curies":[{"name":"wp","href":"https:\/\/api.w.org\/{rel}","templated":true}]}}