{"id":3364,"date":"2019-12-23T17:45:55","date_gmt":"2019-12-23T20:45:55","guid":{"rendered":"http:\/\/oasisfm935.com\/site\/?p=3364"},"modified":"2019-12-23T17:45:55","modified_gmt":"2019-12-23T20:45:55","slug":"este-verano-ziliotto-quiere-lanzar-los-creditos-hipotecarios-para-la-clase-media","status":"publish","type":"post","link":"https:\/\/oasisfm935.com.ar\/site\/este-verano-ziliotto-quiere-lanzar-los-creditos-hipotecarios-para-la-clase-media\/","title":{"rendered":"Este verano Ziliotto quiere lanzar los cr\u00e9ditos hipotecarios para la clase media"},"content":{"rendered":"<nav id=\"t3-mainnav\" class=\"wrap t3-mainnav navbar-collapse-fixed-top\">\n<div class=\"wrap\">\n<div class=\"navbar container\">\n<div class=\"navbar-inner row-fluid\">\n<div class=\"header-menu span6 nav-collapse collapse always-show\">\n<div class=\"t3-megamenu animate slide\" data-duration=\"400\" data-responsive=\"true\">\n<ul class=\"nav navbar-nav level0\">\n<li class=\"dropdown mega\" data-id=\"749\" data-level=\"1\" data-xicon=\"icon-inbox\">\n<div class=\"nav-child dropdown-menu mega-dropdown-menu\">\n<div class=\"mega-dropdown-inner\">\n<div class=\"row-fluid\">\n<div class=\"span12 mega-col-nav\" data-width=\"12\">\n<div class=\"mega-inner\">\n<ul class=\"mega-nav level1\">\n<li data-id=\"779\" data-level=\"2\">Ziliotto confirm\u00f3 que ser\u00e1n para la construcci\u00f3n de vivienda orientados a la clase media. Esperar\u00e1n a hacer el anuncio \u201ccon un contexto nacional m\u00e1s definido\u201d.<\/li>\n<\/ul>\n<\/div>\n<\/div>\n<\/div>\n<\/div>\n<\/div>\n<\/li>\n<\/ul>\n<\/div>\n<\/div>\n<\/div>\n<\/div>\n<\/div>\n<\/nav>\n<section id=\"t3-mainbody\" class=\"container t3-mainbody\">\n<div class=\"row\">\n<div id=\"t3-content\" class=\"t3-content span12\">\n<div class=\"main-content\">\n<div class=\"item-page text clearfix\">\n<article>\n<section class=\"article-content clearfix row\">\n<div class=\"article-body span12 span8 eq-first\">\n<p>En su visita a General Pico, el gobernador Sergio Ziliotto anunci\u00f3 que \u201cseguramente\u201d en el mes de enero la Provincia estar\u00e1 lanzando las distintas operatorias de pr\u00e9stamos hipotecarios para la construcci\u00f3n de vivienda.<\/p>\n<p>El mandatario dijo que est\u00e1n esperando \u201cun contexto nacional m\u00e1s definido\u201d.<\/p>\n<p>\u201cLo que vamos a hacer a trav\u00e9s del Banco de La Pampa es una oferta de acceso al cr\u00e9dito para clase media, con la posibilidad de pagar una cuota que no exceda el poder adquisitivo del bolsillo y tampoco se dispare m\u00e1s all\u00e1 de los salarios\u201d, se\u00f1al\u00f3.<\/p>\n<p>En cuanto al Banco de Tierras y la posibilidad de viviendas, Ziliotto inform\u00f3 que el Ministerio de Obras P\u00fablicas hizo un relevamiento de General Pico y la idea es empezar a trabajar el tema, a la espera de las decisiones que tome el Gobierno nacional. \u201cEstuvimos reunidos con la ministra Bielsa, hoy por hoy no hay financiamiento para viviendas sociales y en eso est\u00e1n trabajando. Nosotros ratificamos nuestro compromiso de seguir trabajando en el Plan Mi Casa y nos lo pidi\u00f3 la ministra, se lo llevamos como un programa innovador por contar con aportes de orden provincial, municipal y del adjudicatario\u201d, detall\u00f3.<\/p>\n<p>El gobernador destac\u00f3 que \u201ccompartir el Gobierno con alguien del mismo signo pol\u00edtico hace que la tarea sea m\u00e1s directa\u201d. Y en ese marco enumer\u00f3 qu\u00e9 ha pedido La Pampa. \u201cEn primer lugar, que nos devuelvan lo que es de los pampeanos, actualizado, la suma de 13 mil millones de pesos que estamos dispuestos a invertir en producci\u00f3n y obras p\u00fablicas, y dentro de obras p\u00fablicas, viviendas sociales\u201d, destac\u00f3.<\/p>\n<p>\u201cEl Gobierno de Macri en los \u00faltimos cuatro a\u00f1os no nos dio lo que correspond\u00eda. Hay un dato que se conoci\u00f3 hace un tiempo y es que la provincia de La Pampa en los \u00faltimos cuatro a\u00f1os tuvo una disminuci\u00f3n del ingreso del 57%. Si Naci\u00f3n logra que la econom\u00eda se estabilice, que las tasas de inter\u00e9s del sistema financiero bajen considerablemente, ser\u00e1 m\u00e1s factible la inversi\u00f3n productiva. El Gobierno nacional tiene muy en claro cu\u00e1l es la posici\u00f3n de la provincia de La Pampa y lo que necesita\u201d, finaliz\u00f3.<\/p>\n<\/div>\n<\/section>\n<\/article>\n<\/div>\n<\/div>\n<\/div>\n<\/div>\n<\/section>\n<div class=\"oasis-despues-del-contenido\" id=\"oasis-2119211230\"><img loading=\"lazy\" decoding=\"async\" src=\"https:\/\/oasisfm935.com.ar\/site\/wp-content\/uploads\/2020\/08\/47806202-8741-49f2-a5c9-d2f930e5baa1.jpg\" alt=\"\"  srcset=\"https:\/\/oasisfm935.com.ar\/site\/wp-content\/uploads\/2020\/08\/47806202-8741-49f2-a5c9-d2f930e5baa1.jpg 1080w, https:\/\/oasisfm935.com.ar\/site\/wp-content\/uploads\/2020\/08\/47806202-8741-49f2-a5c9-d2f930e5baa1-300x300.jpg 300w, https:\/\/oasisfm935.com.ar\/site\/wp-content\/uploads\/2020\/08\/47806202-8741-49f2-a5c9-d2f930e5baa1-1024x1024.jpg 1024w, https:\/\/oasisfm935.com.ar\/site\/wp-content\/uploads\/2020\/08\/47806202-8741-49f2-a5c9-d2f930e5baa1-150x150.jpg 150w, https:\/\/oasisfm935.com.ar\/site\/wp-content\/uploads\/2020\/08\/47806202-8741-49f2-a5c9-d2f930e5baa1-768x768.jpg 768w\" sizes=\"(max-width: 1080px) 100vw, 1080px\" class=\"no-lazyload\" width=\"1080\" height=\"1080\"  style=\"display: inline-block;\" \/><\/div>","protected":false},"excerpt":{"rendered":"<p>Ziliotto confirm\u00f3 que ser\u00e1n para la construcci\u00f3n de vivienda orientados a la clase media. Esperar\u00e1n a hacer el anuncio \u201ccon un contexto<\/p>\n","protected":false},"author":4,"featured_media":3325,"comment_status":"closed","ping_status":"open","sticky":false,"template":"","format":"standard","meta":{"colormag_page_layout":"default_layout","footnotes":""},"categories":[2],"tags":[],"class_list":["post-3364","post","type-post","status-publish","format-standard","has-post-thumbnail","hentry","category-noticias"],"_links":{"self":[{"href":"https:\/\/oasisfm935.com.ar\/site\/wp-json\/wp\/v2\/posts\/3364","targetHints":{"allow":["GET"]}}],"collection":[{"href":"https:\/\/oasisfm935.com.ar\/site\/wp-json\/wp\/v2\/posts"}],"about":[{"href":"https:\/\/oasisfm935.com.ar\/site\/wp-json\/wp\/v2\/types\/post"}],"author":[{"embeddable":true,"href":"https:\/\/oasisfm935.com.ar\/site\/wp-json\/wp\/v2\/users\/4"}],"replies":[{"embeddable":true,"href":"https:\/\/oasisfm935.com.ar\/site\/wp-json\/wp\/v2\/comments?post=3364"}],"version-history":[{"count":1,"href":"https:\/\/oasisfm935.com.ar\/site\/wp-json\/wp\/v2\/posts\/3364\/revisions"}],"predecessor-version":[{"id":3365,"href":"https:\/\/oasisfm935.com.ar\/site\/wp-json\/wp\/v2\/posts\/3364\/revisions\/3365"}],"wp:featuredmedia":[{"embeddable":true,"href":"https:\/\/oasisfm935.com.ar\/site\/wp-json\/wp\/v2\/media\/3325"}],"wp:attachment":[{"href":"https:\/\/oasisfm935.com.ar\/site\/wp-json\/wp\/v2\/media?parent=3364"}],"wp:term":[{"taxonomy":"category","embeddable":true,"href":"https:\/\/oasisfm935.com.ar\/site\/wp-json\/wp\/v2\/categories?post=3364"},{"taxonomy":"post_tag","embeddable":true,"href":"https:\/\/oasisfm935.com.ar\/site\/wp-json\/wp\/v2\/tags?post=3364"}],"curies":[{"name":"wp","href":"https:\/\/api.w.org\/{rel}","templated":true}]}}