{"id":3384,"date":"2019-12-27T11:36:38","date_gmt":"2019-12-27T14:36:38","guid":{"rendered":"http:\/\/oasisfm935.com\/site\/?p=3384"},"modified":"2019-12-27T11:36:38","modified_gmt":"2019-12-27T14:36:38","slug":"el-gobierno-oficializo-el-bono-de-5000-a-jubilados-y-de-2000-para-la-auh-hoy-estarian-depositados-los-importes","status":"publish","type":"post","link":"https:\/\/oasisfm935.com.ar\/site\/el-gobierno-oficializo-el-bono-de-5000-a-jubilados-y-de-2000-para-la-auh-hoy-estarian-depositados-los-importes\/","title":{"rendered":"El Gobierno oficializ\u00f3 el bono de $5000 a jubilados y de $2000 para la AUH. Hoy estar\u00edan depositados los importes"},"content":{"rendered":"<p>As\u00ed lo confirm\u00f3 el jefe de ANSES de General Pico, Gustavo Marrero a infopico.com quien indic\u00f3 que el dinero comenz\u00f3 a ser depositado en las respectivas cuentas en el d\u00eda de hoy.<\/p>\n<p>A trav\u00e9s del\u00a0<strong>Decreto 73\/2019<\/strong>, publicado en el\u00a0<strong>Bolet\u00edn Oficial<\/strong>, el Gobierno oficializ\u00f3 el pago del\u00a0<strong>bono de $5000 para jubilados y pensionados<\/strong>. De la misma manera, se confirm\u00f3 el\u00a0<strong>plus de $2000 para los beneficiarios de la AUH<\/strong>. Ambas medidas se tomaron como una compensaci\u00f3n por la interrupci\u00f3n de la actualizaci\u00f3n autom\u00e1tica de haberes, determinada por la ley de Emergencia Econ\u00f3mica que sancion\u00f3 el Congreso de la Naci\u00f3n, a ra\u00edz de un proyecto impulsado por el Poder Ejecutivo. Si bien estaba previsto para el lunes 30 de diciembre,<strong>\u00a0el pago se adelant\u00f3 para hoy (viernes 27 de diciembre)<\/strong>.<\/p>\n<p>Entre los considerandos, se destac\u00f3 \u201cque el Estado nacional tiene como uno de sus objetivos principales la protecci\u00f3n de los ciudadanos y ciudadanas, garantizando las prestaciones de la seguridad social y priorizando la atenci\u00f3n de las familias que presentan mayor vulnerabilidad\u201d.<\/p>\n<p>Asimismo, el texto recalc\u00f3: \u201cQue con el objetivo de acompa\u00f1ar y cuidar a los sectores m\u00e1s vulnerables y m\u00e1s necesitados de la sociedad, es intenci\u00f3n del Estado nacional otorgar un subsidio por \u00fanica vez destinado: a los titulares de prestaciones previsionales del Sistema Integrado Previsional Argentino (SIPA), a los beneficiarios de la Pensi\u00f3n Universal para el Adulto Mayor, a los beneficiarios y las beneficiarias de las pensiones no contributivas por vejez, invalidez y madres de siete (7) hijos o hijas, o m\u00e1s y de pensiones graciables, y a los titulares y las titulares de la Asignaci\u00f3n Universal por Hijo para Protecci\u00f3n Social y de la Asignaci\u00f3n por Embarazo para Protecci\u00f3n Social\u201d.<\/p>\n<p>En consecuencia, el art\u00edculo 1\u00b0 estableci\u00f3 que se otorgue \u201c<strong>un subsidio extraordinario por un monto m\u00e1ximo de pesos cinco mil ($ 5.000) que se abonar\u00e1 en el mes de diciembre de 2019, y por un monto m\u00e1ximo de pesos cinco mil ($ 5.000) que se abonar\u00e1 en el mes de enero de 2020<\/strong>\u201d.<\/p>\n<p>Con respecto a este bono, se aclar\u00f3 que ser\u00e1 abonado a \u201caquellos y aquellas titulares que\u00a0<strong>perciben hasta el haber m\u00ednimo<\/strong>\u00a0que garantiza el art\u00edculo 125 de la Ley N\u00ba 24.241\u201d y\u00a0<strong>quienes no superan la suma de $19.067,93<\/strong>.<\/p>\n<p>Por su parte, el art\u00edculo 2\u00ba oficializ\u00f3 el pago del \u201c<strong>subsidio extraordinario, por \u00fanica vez, por un monto de pesos dos mil ($ 2.000) que se abonar\u00e1 en el mes de diciembre del corriente a\u00f1o calendario, a los y las titulares de la Asignaci\u00f3n Universal por Hijo para Protecci\u00f3n Social<\/strong>, por cada hijo o hija y hasta el quinto o quinta inclusive, y\/o de la Asignaci\u00f3n por Embarazo para Protecci\u00f3n Social previstas en la Ley N\u00b0 24.714\u201d<\/p>\n<div class=\"oasis-despues-del-contenido\" id=\"oasis-3976627841\"><img loading=\"lazy\" decoding=\"async\" src=\"https:\/\/oasisfm935.com.ar\/site\/wp-content\/uploads\/2020\/08\/47806202-8741-49f2-a5c9-d2f930e5baa1.jpg\" alt=\"\"  srcset=\"https:\/\/oasisfm935.com.ar\/site\/wp-content\/uploads\/2020\/08\/47806202-8741-49f2-a5c9-d2f930e5baa1.jpg 1080w, https:\/\/oasisfm935.com.ar\/site\/wp-content\/uploads\/2020\/08\/47806202-8741-49f2-a5c9-d2f930e5baa1-300x300.jpg 300w, https:\/\/oasisfm935.com.ar\/site\/wp-content\/uploads\/2020\/08\/47806202-8741-49f2-a5c9-d2f930e5baa1-1024x1024.jpg 1024w, https:\/\/oasisfm935.com.ar\/site\/wp-content\/uploads\/2020\/08\/47806202-8741-49f2-a5c9-d2f930e5baa1-150x150.jpg 150w, https:\/\/oasisfm935.com.ar\/site\/wp-content\/uploads\/2020\/08\/47806202-8741-49f2-a5c9-d2f930e5baa1-768x768.jpg 768w\" sizes=\"(max-width: 1080px) 100vw, 1080px\" class=\"no-lazyload\" width=\"1080\" height=\"1080\"  style=\"display: inline-block;\" \/><\/div>","protected":false},"excerpt":{"rendered":"<p>As\u00ed lo confirm\u00f3 el jefe de ANSES de General Pico, Gustavo Marrero a infopico.com quien indic\u00f3 que el dinero comenz\u00f3 a ser<\/p>\n","protected":false},"author":4,"featured_media":3385,"comment_status":"closed","ping_status":"open","sticky":false,"template":"","format":"standard","meta":{"colormag_page_layout":"default_layout","footnotes":""},"categories":[2],"tags":[],"class_list":["post-3384","post","type-post","status-publish","format-standard","has-post-thumbnail","hentry","category-noticias"],"_links":{"self":[{"href":"https:\/\/oasisfm935.com.ar\/site\/wp-json\/wp\/v2\/posts\/3384","targetHints":{"allow":["GET"]}}],"collection":[{"href":"https:\/\/oasisfm935.com.ar\/site\/wp-json\/wp\/v2\/posts"}],"about":[{"href":"https:\/\/oasisfm935.com.ar\/site\/wp-json\/wp\/v2\/types\/post"}],"author":[{"embeddable":true,"href":"https:\/\/oasisfm935.com.ar\/site\/wp-json\/wp\/v2\/users\/4"}],"replies":[{"embeddable":true,"href":"https:\/\/oasisfm935.com.ar\/site\/wp-json\/wp\/v2\/comments?post=3384"}],"version-history":[{"count":1,"href":"https:\/\/oasisfm935.com.ar\/site\/wp-json\/wp\/v2\/posts\/3384\/revisions"}],"predecessor-version":[{"id":3386,"href":"https:\/\/oasisfm935.com.ar\/site\/wp-json\/wp\/v2\/posts\/3384\/revisions\/3386"}],"wp:featuredmedia":[{"embeddable":true,"href":"https:\/\/oasisfm935.com.ar\/site\/wp-json\/wp\/v2\/media\/3385"}],"wp:attachment":[{"href":"https:\/\/oasisfm935.com.ar\/site\/wp-json\/wp\/v2\/media?parent=3384"}],"wp:term":[{"taxonomy":"category","embeddable":true,"href":"https:\/\/oasisfm935.com.ar\/site\/wp-json\/wp\/v2\/categories?post=3384"},{"taxonomy":"post_tag","embeddable":true,"href":"https:\/\/oasisfm935.com.ar\/site\/wp-json\/wp\/v2\/tags?post=3384"}],"curies":[{"name":"wp","href":"https:\/\/api.w.org\/{rel}","templated":true}]}}