{"id":3387,"date":"2019-12-27T12:05:08","date_gmt":"2019-12-27T15:05:08","guid":{"rendered":"http:\/\/oasisfm935.com\/site\/?p=3387"},"modified":"2019-12-27T12:06:57","modified_gmt":"2019-12-27T15:06:57","slug":"alerta-por-tormentas-intensas-para-la-pampa","status":"publish","type":"post","link":"https:\/\/oasisfm935.com.ar\/site\/alerta-por-tormentas-intensas-para-la-pampa\/","title":{"rendered":"Alerta por \u00abTormentas intensas\u00bb para La Pampa"},"content":{"rendered":"<p>El Servicio Meteorol\u00f3gico Nacional emiti\u00f3 un alerta, por \u00abTormentas Intensas\u00bb, para gran parte del territorio pampeano. El alerta, emitido este viernes a las 11, tambi\u00e9n abarca al este y centro de Mendoza como as\u00ed tambi\u00e9n a San Luis.<\/p>\n<h2>Tormentas intensas\u00a0(Alerta Meteorol\u00f3gico 1)<\/h2>\n<ul>\n<li><strong>\u00a0Zonas:<\/strong>\u00a0Centro y norte de La Pampa, Este y centro de Mendoza, San Luis<\/li>\n<\/ul>\n<ul>\n<li><strong>Informe:<\/strong>\u00a0se espera que hacia la noche de hoy viernes 27, sobre el \u00e1rea de cobertura se desarrollen tormentas, pudiendo ser algunas localmente intensas. Las mismas estar\u00e1n acompa\u00f1adas fundamentalmente de intensas r\u00e1fagas, adem\u00e1s de ocasional ca\u00edda de granizo, fuerte actividad el\u00e9ctrica y abundante ca\u00edda de agua particularmente para el noreste de La Pampa y San Luis, donde los valores de precipitaci\u00f3n acumulada podr\u00edan alcanzar de forma puntual los 50 mm. Estas condiciones tender\u00e1n a mejorar a partir de la ma\u00f1ana del s\u00e1bado 28.<\/li>\n<\/ul>\n<ul>\n<li><strong>\u00a0Fecha de emisi\u00f3n:<\/strong>\u00a027-12-2019 a las 11:00hs<\/li>\n<li><strong>\u00a0Pr\u00f3xima Actualizaci\u00f3n:<\/strong>\u00a017:00hs<\/li>\n<\/ul>\n<div class=\"oasis-despues-del-contenido\" id=\"oasis-1908161942\"><img loading=\"lazy\" decoding=\"async\" src=\"https:\/\/oasisfm935.com.ar\/site\/wp-content\/uploads\/2020\/08\/47806202-8741-49f2-a5c9-d2f930e5baa1.jpg\" alt=\"\"  srcset=\"https:\/\/oasisfm935.com.ar\/site\/wp-content\/uploads\/2020\/08\/47806202-8741-49f2-a5c9-d2f930e5baa1.jpg 1080w, https:\/\/oasisfm935.com.ar\/site\/wp-content\/uploads\/2020\/08\/47806202-8741-49f2-a5c9-d2f930e5baa1-300x300.jpg 300w, https:\/\/oasisfm935.com.ar\/site\/wp-content\/uploads\/2020\/08\/47806202-8741-49f2-a5c9-d2f930e5baa1-1024x1024.jpg 1024w, https:\/\/oasisfm935.com.ar\/site\/wp-content\/uploads\/2020\/08\/47806202-8741-49f2-a5c9-d2f930e5baa1-150x150.jpg 150w, https:\/\/oasisfm935.com.ar\/site\/wp-content\/uploads\/2020\/08\/47806202-8741-49f2-a5c9-d2f930e5baa1-768x768.jpg 768w\" sizes=\"(max-width: 1080px) 100vw, 1080px\" class=\"no-lazyload\" width=\"1080\" height=\"1080\"  style=\"display: inline-block;\" \/><\/div>","protected":false},"excerpt":{"rendered":"<p>El Servicio Meteorol\u00f3gico Nacional emiti\u00f3 un alerta, por \u00abTormentas Intensas\u00bb, para gran parte del territorio pampeano. El alerta, emitido este viernes a<\/p>\n","protected":false},"author":4,"featured_media":3388,"comment_status":"closed","ping_status":"open","sticky":false,"template":"","format":"standard","meta":{"colormag_page_layout":"default_layout","footnotes":""},"categories":[2],"tags":[],"class_list":["post-3387","post","type-post","status-publish","format-standard","has-post-thumbnail","hentry","category-noticias"],"_links":{"self":[{"href":"https:\/\/oasisfm935.com.ar\/site\/wp-json\/wp\/v2\/posts\/3387","targetHints":{"allow":["GET"]}}],"collection":[{"href":"https:\/\/oasisfm935.com.ar\/site\/wp-json\/wp\/v2\/posts"}],"about":[{"href":"https:\/\/oasisfm935.com.ar\/site\/wp-json\/wp\/v2\/types\/post"}],"author":[{"embeddable":true,"href":"https:\/\/oasisfm935.com.ar\/site\/wp-json\/wp\/v2\/users\/4"}],"replies":[{"embeddable":true,"href":"https:\/\/oasisfm935.com.ar\/site\/wp-json\/wp\/v2\/comments?post=3387"}],"version-history":[{"count":1,"href":"https:\/\/oasisfm935.com.ar\/site\/wp-json\/wp\/v2\/posts\/3387\/revisions"}],"predecessor-version":[{"id":3389,"href":"https:\/\/oasisfm935.com.ar\/site\/wp-json\/wp\/v2\/posts\/3387\/revisions\/3389"}],"wp:featuredmedia":[{"embeddable":true,"href":"https:\/\/oasisfm935.com.ar\/site\/wp-json\/wp\/v2\/media\/3388"}],"wp:attachment":[{"href":"https:\/\/oasisfm935.com.ar\/site\/wp-json\/wp\/v2\/media?parent=3387"}],"wp:term":[{"taxonomy":"category","embeddable":true,"href":"https:\/\/oasisfm935.com.ar\/site\/wp-json\/wp\/v2\/categories?post=3387"},{"taxonomy":"post_tag","embeddable":true,"href":"https:\/\/oasisfm935.com.ar\/site\/wp-json\/wp\/v2\/tags?post=3387"}],"curies":[{"name":"wp","href":"https:\/\/api.w.org\/{rel}","templated":true}]}}