{"id":3390,"date":"2019-12-27T16:28:19","date_gmt":"2019-12-27T19:28:19","guid":{"rendered":"http:\/\/oasisfm935.com\/site\/?p=3390"},"modified":"2019-12-27T17:09:11","modified_gmt":"2019-12-27T20:09:11","slug":"luiggi-el-ministro-de-obras-publicas-recorrio-las-obras-de-asfalto-y-el-jardin-de-infantes-inconcluso","status":"publish","type":"post","link":"https:\/\/oasisfm935.com.ar\/site\/luiggi-el-ministro-de-obras-publicas-recorrio-las-obras-de-asfalto-y-el-jardin-de-infantes-inconcluso\/","title":{"rendered":"Luiggi: El ministro de Obras P\u00fablicas recorri\u00f3 las obras de asfalto y el Jard\u00edn de Infantes inconcluso"},"content":{"rendered":"<div class=\"itemBody\">\n<div class=\"itemIntroText\">\n<p>El ministro de Obras P\u00fablicas Juan Ram\u00f3n Garay, junto al presidente de la Direcci\u00f3n Provincial de Vialidad Rodrigo Cadenas y la intendenta Patricia Lavin, recorrieron la localidad de Ingeniero Luiggi para evaluar la obra de asfalto que se est\u00e1 realizando y el edificio inconcluso del Jardin de Infantes. Adem\u00e1s evaluaron proyectos para ejecutar a nivel local.<\/p>\n<\/div>\n<div class=\"itemFullText\">\n<p>La jefa comunal, que tambi\u00e9n estuvo acompa\u00f1ada por el Director de Infraestructura, Obras Municipales y Particulares, inform\u00f3 \u201c<strong>hab\u00edamos solicitado que el ministro se acercara a nuestro municipio para que conociera cu\u00e1les son nuestros proyectos, nuestras ideas y ver de qu\u00e9 manera podr\u00edamos incorporar esas obras a lo largo de la gesti\u00f3n\u201d.<\/strong><\/p>\n<p><strong><img loading=\"lazy\" decoding=\"async\" src=\"https:\/\/www.zonalnoticias.com\/images\/garay_con_lavin_1.jpg\" width=\"705\" height=\"469\" \/><\/strong><\/p>\n<p>Lavin cont\u00f3 \u00abadem\u00e1s recorrimos las cuadras de pavimentaci\u00f3n y repavimentaci\u00f3n que se est\u00e1n realizando\u201d.<\/p>\n<p>&nbsp;<\/p>\n<div><strong>\u00abPlanteamos la necesidad de incluir otras cuadras de asfalto porque\u00a0 debemos reparar y sumar pavimento nuevo. Sabemos que es una necesidad de nuestra localidad porque con las inundaciones qued\u00f3 muy afectada toda la cinta asf\u00e1ltica\u201d,<\/strong>\u00a0indic\u00f3 Lavin.<\/div>\n<\/div>\n<div><strong>Jardin de Infantes<\/strong><\/div>\n<\/div>\n<div>La intendenta coment\u00f3 \u201ctambi\u00e9n recorrimos la obra del jard\u00edn de infantes\u201d, que a\u00fan sigue inconclusa.<\/div>\n<div><strong>\u201cJustamente est\u00e1bamos preocupados porque con los vientos de los \u00faltimos d\u00edas, es una obra que sufri\u00f3 da\u00f1os con la voladura de chapas, y esto puso en riesgo a los vecinos de la zona\u201d,<\/strong>\u00a0explic\u00f3.<\/div>\n<div>Lavin indic\u00f3 \u201cquer\u00edamos saber en qu\u00e9 instancia se encontraba la finalizaci\u00f3n del Jard\u00edn de infantes, y sabemos que la C\u00e1mara de Diputados de La Pampa aprob\u00f3 una ley \u00a0donde se van a licitar estas obras de acuerdo a la Ley 38 de Obras P\u00fablicas\u201d.<\/div>\n<div><\/div>\n<div class=\"itemBody\">\n<div class=\"itemFullText\">\n<div><img loading=\"lazy\" decoding=\"async\" src=\"https:\/\/www.zonalnoticias.com\/images\/garay_con_lavin_2.jpg\" width=\"684\" height=\"455\" \/><\/div>\n<div><\/div>\n<p>\u201cPor lo tanto la licitaci\u00f3n la va a hacer el gobierno provincial y ahora faltar\u00eda otra ley para poder adelantar los fondos y que el gobierno provincial pueda terminar esta obra que el gobierno nacional anterior dej\u00f3 inconclusa\u201d, explic\u00f3.<\/p>\n<p>La intendenta de la localidad norte\u00f1a asegur\u00f3 : \u201cfue una recorrida sumamente positiva, tambi\u00e9n recorrimos los desag\u00fces del pueblo\u00bb.<\/p>\n<p>\u00abAdem\u00e1s quer\u00edamos ver\u00a0 la posibilidad de avanzar con un proyecto presentado en APA que es la\u00a0<strong>canalizaci\u00f3n de los desag\u00fces de nuestra localidad<\/strong>, asique con muchas propuestas\u00a0 y en la medida de las posibilidades presupuestarias del gobierno provincial, sabemos que nos va a acompa\u00f1ar\u201d.<\/p>\n<p><strong>\u201cEstamos realmente muy contentos con el acompa\u00f1amiento que estamos teniendo, la semana que viene ya le estaremos llevando al ministro los proyectos en carpeta que tenemos para poder anunciar la primera obra de nuestra gesti\u00f3n y darle continuidad a las obras que vienen de la gesti\u00f3n de Oscar (Zanoli)\u201d,<\/strong>\u00a0concluy\u00f3.<\/p>\n<p><strong>\u00a0\u00a0 Entrevista FM Oasis- Redacci\u00f3n Zonal Noticias<\/strong><\/p>\n<p>&nbsp;<\/p>\n<\/div>\n<\/div>\n<div class=\"oasis-despues-del-contenido\" id=\"oasis-432672536\"><img loading=\"lazy\" decoding=\"async\" src=\"https:\/\/oasisfm935.com.ar\/site\/wp-content\/uploads\/2020\/08\/47806202-8741-49f2-a5c9-d2f930e5baa1.jpg\" alt=\"\"  srcset=\"https:\/\/oasisfm935.com.ar\/site\/wp-content\/uploads\/2020\/08\/47806202-8741-49f2-a5c9-d2f930e5baa1.jpg 1080w, https:\/\/oasisfm935.com.ar\/site\/wp-content\/uploads\/2020\/08\/47806202-8741-49f2-a5c9-d2f930e5baa1-300x300.jpg 300w, https:\/\/oasisfm935.com.ar\/site\/wp-content\/uploads\/2020\/08\/47806202-8741-49f2-a5c9-d2f930e5baa1-1024x1024.jpg 1024w, https:\/\/oasisfm935.com.ar\/site\/wp-content\/uploads\/2020\/08\/47806202-8741-49f2-a5c9-d2f930e5baa1-150x150.jpg 150w, https:\/\/oasisfm935.com.ar\/site\/wp-content\/uploads\/2020\/08\/47806202-8741-49f2-a5c9-d2f930e5baa1-768x768.jpg 768w\" sizes=\"(max-width: 1080px) 100vw, 1080px\" class=\"no-lazyload\" width=\"1080\" height=\"1080\"  style=\"display: inline-block;\" \/><\/div>","protected":false},"excerpt":{"rendered":"<p>El ministro de Obras P\u00fablicas Juan Ram\u00f3n Garay, junto al presidente de la Direcci\u00f3n Provincial de Vialidad Rodrigo Cadenas y la intendenta<\/p>\n","protected":false},"author":4,"featured_media":3391,"comment_status":"closed","ping_status":"open","sticky":false,"template":"","format":"standard","meta":{"colormag_page_layout":"default_layout","footnotes":""},"categories":[2],"tags":[],"class_list":["post-3390","post","type-post","status-publish","format-standard","has-post-thumbnail","hentry","category-noticias"],"_links":{"self":[{"href":"https:\/\/oasisfm935.com.ar\/site\/wp-json\/wp\/v2\/posts\/3390","targetHints":{"allow":["GET"]}}],"collection":[{"href":"https:\/\/oasisfm935.com.ar\/site\/wp-json\/wp\/v2\/posts"}],"about":[{"href":"https:\/\/oasisfm935.com.ar\/site\/wp-json\/wp\/v2\/types\/post"}],"author":[{"embeddable":true,"href":"https:\/\/oasisfm935.com.ar\/site\/wp-json\/wp\/v2\/users\/4"}],"replies":[{"embeddable":true,"href":"https:\/\/oasisfm935.com.ar\/site\/wp-json\/wp\/v2\/comments?post=3390"}],"version-history":[{"count":3,"href":"https:\/\/oasisfm935.com.ar\/site\/wp-json\/wp\/v2\/posts\/3390\/revisions"}],"predecessor-version":[{"id":3394,"href":"https:\/\/oasisfm935.com.ar\/site\/wp-json\/wp\/v2\/posts\/3390\/revisions\/3394"}],"wp:featuredmedia":[{"embeddable":true,"href":"https:\/\/oasisfm935.com.ar\/site\/wp-json\/wp\/v2\/media\/3391"}],"wp:attachment":[{"href":"https:\/\/oasisfm935.com.ar\/site\/wp-json\/wp\/v2\/media?parent=3390"}],"wp:term":[{"taxonomy":"category","embeddable":true,"href":"https:\/\/oasisfm935.com.ar\/site\/wp-json\/wp\/v2\/categories?post=3390"},{"taxonomy":"post_tag","embeddable":true,"href":"https:\/\/oasisfm935.com.ar\/site\/wp-json\/wp\/v2\/tags?post=3390"}],"curies":[{"name":"wp","href":"https:\/\/api.w.org\/{rel}","templated":true}]}}