{"id":3395,"date":"2019-12-27T20:27:14","date_gmt":"2019-12-27T23:27:14","guid":{"rendered":"http:\/\/oasisfm935.com\/site\/?p=3395"},"modified":"2019-12-27T20:27:14","modified_gmt":"2019-12-27T23:27:14","slug":"retenciones-pocos-autoconvocados-en-la-primera-manifestacion-en-la-pampa","status":"publish","type":"post","link":"https:\/\/oasisfm935.com.ar\/site\/retenciones-pocos-autoconvocados-en-la-primera-manifestacion-en-la-pampa\/","title":{"rendered":"Retenciones: pocos autoconvocados en la primera manifestaci\u00f3n en La Pampa"},"content":{"rendered":"<p><strong>La sorpresa fue de hasta ellos mismos.<\/strong>\u00a0Un grupo de<strong>\u00a0productores rurales autoconvocados<\/strong>\u00a0llam\u00f3 a una\u00a0<strong>asamblea<\/strong>\u00a0en el\u00a0<strong>Cruce de Anguil<\/strong>\u00a0para rechazar las retenciones a las exportaciones agropecuarias y fue escasa la presencia: solo unos 20 participaron del encuentro.<\/p>\n<p>Decididamente, al menos por ahora, no existe el mismo clima que se vivi\u00f3 en 2008, cuando cientos de productores rurales salieron a las rutas en rechazo a la Resoluci\u00f3n 125 que establec\u00eda incrementos de las retenciones<\/p>\n<div class=\"g g-2\">\n<div class=\"g-single a-8\"><\/div>\n<\/div>\n<p>El de hoy, pese a la escasa convocatoria,\u00a0<strong>es el primer reclamo que se hace en la provincia, a solo 17 d\u00edas de la asunci\u00f3n del presidente Alberto Fern\u00e1ndez<\/strong>. Coincidi\u00f3 con otras asambleas y tractorazos en las provincias de Entre R\u00edos, C\u00f3rdoba y Buenos Aires.<\/p>\n<p>El encuentro se desarroll\u00f3 desde las 17 horas en el cruce de las rutas 5 y 7, a unos 4 kil\u00f3metros al sur de Anguil. Llegaron en unas 15 camionetas no m\u00e1s de 20 hombres y algunas mujeres.<\/p>\n<p><img loading=\"lazy\" decoding=\"async\" class=\"alignnone wp-image-74706 size-large\" src=\"http:\/\/diariotextual.com\/inicio\/wp-content\/uploads\/2019\/12\/retencionesautoconvocadoscruceanguildiariotextual2019-2-1024x641.jpg\" alt=\"\" width=\"1024\" height=\"641\" \/><\/p>\n<p>\u00abVinimos pac\u00edficamente y, la verdad, a hacer un poco de catarsis\u00bb, dijo\u00a0<strong>Gustavo Puente<\/strong>, productor y vendedor de campos, a\u00a0<strong>Diario Textual<\/strong>.<\/p>\n<p>\u00abClaro que estamos en contra de las retenciones\u00bb, avis\u00f3, por su parte,\u00a0<strong>Norberto Abel<\/strong>, un contratista rural de Anguil. \u00abSi el campo no anda ahora, imaginense con m\u00e1s impuestos. Pega directamente en los pueblos, porque con m\u00e1s carga impositiva se da menos trabajo\u00bb, dijo.<\/p>\n<div class=\"google-auto-placed ap_container\"><\/div>\n<p><strong>Gustavo Alvarez<\/strong>, por su parte, dijo que en vez de subirle las retenciones se debe \u00abachicar el gasto\u00bb del Estado. Y dijo estar en contra de las retenciones segmentadas. \u00abEs una gran mentira.\u00a0<strong>Es todo papeler\u00edo<\/strong>\u00a0y al final no te devuelven nada o cuando te devuelven ya no es la misma plata. Es mucho\u00a0 menos\u00bb, sostuvo.<\/p>\n<p><strong>\u00abAc\u00e1 lo que han hecho desde el Gobierno es diabolizar al productor\u00bb<\/strong>, dijo Alvareza, un ruralista de la zona de Santa Rosa, a Diario Textual. \u00abAs\u00ed tienen licencia para sacar m\u00e1s porque argumentan que el productor es malo y est\u00e1 en contra del pueblo. No es as\u00ed.\u00a0<strong>Tienen que entender que no estamos en contra del pueblo. Y la verdad es que la gran mayor\u00eda no somos ningunos ricachones<\/strong>\u00ab, agreg\u00f3.<\/p>\n<p>&nbsp;<\/p>\n<p><strong>Agr\u00edcola<\/strong><\/p>\n<p>Hoy, por la ma\u00f1ana, dirigentes de la Asociaci\u00f3n Agr\u00edcola Ganadera de La Pampa se reunieron con el gobernador Sergio Ziliotto.<strong>\u00a0Este dijo que, en el actual contexto, son necesarias las retenciones, pero dijo que deber\u00edan ser de acuerdo a las regiones.<\/strong><\/p>\n<p>&nbsp;<\/p>\n<p><strong>Subas<\/strong><\/p>\n<p>El Gobierno\u00a0<strong>subi\u00f3 las retenciones a los niveles que estableci\u00f3 la administraci\u00f3n de Mauricio Macri hace casi un a\u00f1o y medio<\/strong>, y que se hab\u00edan<strong>\u00a0licuado<\/strong>\u00a0con la inflaci\u00f3n.<\/p>\n<p><strong>La soja pas\u00f3 del 24,7% al 30% y ahora fue habilitado por el Congreso para llegar al 33%<\/strong>. Tambi\u00e9n podr\u00eda subir del 12% al 15% los derechos en trigo y ma\u00edz, entre otros productos.<\/p>\n<p>La semana pasada, el jefe de Estado recibi\u00f3 a los miembros de la Mesa de Enlace luego de la sanci\u00f3n de la ley de emergencia econ\u00f3mica, que lo autoriza a aumentar los derechos de exportaci\u00f3n de productos del campo. En el encuentro, celebrado en la Casa Rosada,<strong>\u00a0el presidente propuso modificaciones para peque\u00f1os productores y para los que est\u00e1n alejados de los puertos. Es decir, aplicar una segmentaci\u00f3n.<\/strong>\u00a0A\u00fan igual no est\u00e1 definido c\u00f3mo la implementar\u00e1.<\/p>\n<div class=\"oasis-despues-del-contenido\" id=\"oasis-1919669132\"><img loading=\"lazy\" decoding=\"async\" src=\"https:\/\/oasisfm935.com.ar\/site\/wp-content\/uploads\/2020\/08\/47806202-8741-49f2-a5c9-d2f930e5baa1.jpg\" alt=\"\"  srcset=\"https:\/\/oasisfm935.com.ar\/site\/wp-content\/uploads\/2020\/08\/47806202-8741-49f2-a5c9-d2f930e5baa1.jpg 1080w, https:\/\/oasisfm935.com.ar\/site\/wp-content\/uploads\/2020\/08\/47806202-8741-49f2-a5c9-d2f930e5baa1-300x300.jpg 300w, https:\/\/oasisfm935.com.ar\/site\/wp-content\/uploads\/2020\/08\/47806202-8741-49f2-a5c9-d2f930e5baa1-1024x1024.jpg 1024w, https:\/\/oasisfm935.com.ar\/site\/wp-content\/uploads\/2020\/08\/47806202-8741-49f2-a5c9-d2f930e5baa1-150x150.jpg 150w, https:\/\/oasisfm935.com.ar\/site\/wp-content\/uploads\/2020\/08\/47806202-8741-49f2-a5c9-d2f930e5baa1-768x768.jpg 768w\" sizes=\"(max-width: 1080px) 100vw, 1080px\" class=\"no-lazyload\" width=\"1080\" height=\"1080\"  style=\"display: inline-block;\" \/><\/div>","protected":false},"excerpt":{"rendered":"<p>La sorpresa fue de hasta ellos mismos.\u00a0Un grupo de\u00a0productores rurales autoconvocados\u00a0llam\u00f3 a una\u00a0asamblea\u00a0en el\u00a0Cruce de Anguil\u00a0para rechazar las retenciones a las exportaciones<\/p>\n","protected":false},"author":4,"featured_media":3396,"comment_status":"closed","ping_status":"open","sticky":false,"template":"","format":"standard","meta":{"colormag_page_layout":"default_layout","footnotes":""},"categories":[2],"tags":[],"class_list":["post-3395","post","type-post","status-publish","format-standard","has-post-thumbnail","hentry","category-noticias"],"_links":{"self":[{"href":"https:\/\/oasisfm935.com.ar\/site\/wp-json\/wp\/v2\/posts\/3395","targetHints":{"allow":["GET"]}}],"collection":[{"href":"https:\/\/oasisfm935.com.ar\/site\/wp-json\/wp\/v2\/posts"}],"about":[{"href":"https:\/\/oasisfm935.com.ar\/site\/wp-json\/wp\/v2\/types\/post"}],"author":[{"embeddable":true,"href":"https:\/\/oasisfm935.com.ar\/site\/wp-json\/wp\/v2\/users\/4"}],"replies":[{"embeddable":true,"href":"https:\/\/oasisfm935.com.ar\/site\/wp-json\/wp\/v2\/comments?post=3395"}],"version-history":[{"count":1,"href":"https:\/\/oasisfm935.com.ar\/site\/wp-json\/wp\/v2\/posts\/3395\/revisions"}],"predecessor-version":[{"id":3397,"href":"https:\/\/oasisfm935.com.ar\/site\/wp-json\/wp\/v2\/posts\/3395\/revisions\/3397"}],"wp:featuredmedia":[{"embeddable":true,"href":"https:\/\/oasisfm935.com.ar\/site\/wp-json\/wp\/v2\/media\/3396"}],"wp:attachment":[{"href":"https:\/\/oasisfm935.com.ar\/site\/wp-json\/wp\/v2\/media?parent=3395"}],"wp:term":[{"taxonomy":"category","embeddable":true,"href":"https:\/\/oasisfm935.com.ar\/site\/wp-json\/wp\/v2\/categories?post=3395"},{"taxonomy":"post_tag","embeddable":true,"href":"https:\/\/oasisfm935.com.ar\/site\/wp-json\/wp\/v2\/tags?post=3395"}],"curies":[{"name":"wp","href":"https:\/\/api.w.org\/{rel}","templated":true}]}}