{"id":3398,"date":"2019-12-28T11:13:04","date_gmt":"2019-12-28T14:13:04","guid":{"rendered":"http:\/\/oasisfm935.com\/site\/?p=3398"},"modified":"2019-12-28T11:13:43","modified_gmt":"2019-12-28T14:13:43","slug":"causas-del-corte-de-energia-en-ingeniero-luiggi","status":"publish","type":"post","link":"https:\/\/oasisfm935.com.ar\/site\/causas-del-corte-de-energia-en-ingeniero-luiggi\/","title":{"rendered":"Causas del corte de energ\u00eda en Ingeniero Luiggi"},"content":{"rendered":"<p>Las causas del corte se debieron a la ca\u00edda de un \u00e1rbol de gran porte (eucaliptus) sobre la l\u00ednea el\u00e9ctricas en un sector donde hay una doble tendido, es decir una l\u00ednea de 33 kw y una l\u00ednea de 13,2 Kw muy cerca de una red retenci\u00f3n por lo que fue una reparaci\u00f3n muy dificultosa. Al tratarse de un \u00e1rbol muy grande, se debi\u00f3 trozar en varias partes.<\/p>\n<p>Una de las dificultades mayores fue la gran cantidad de agua concentrada en los caminos hasta llegar al punto de la aver\u00eda donde la gr\u00faa qued\u00f3 encajada en varias oportunidades.<\/p>\n<p>Cabe recordar que el personal de APE en conjunto con las cooperativas trabajaron buscando la falla desde el momento donde a\u00fan se desataba la tormenta con fuerte ca\u00edda de agua y abundante viento en un camino rural en la l\u00ednea denominada \u201cLa Victoria\u201d que viene desde Realic\u00f3 llegando hasta Ingeniero Luiggi alimentando a su vez a la localidad de Parera, Maisonnave y Quetrequ\u00e9n.<\/p>\n<div class=\"oasis-despues-del-contenido\" id=\"oasis-3125511220\"><img loading=\"lazy\" decoding=\"async\" src=\"https:\/\/oasisfm935.com.ar\/site\/wp-content\/uploads\/2020\/08\/47806202-8741-49f2-a5c9-d2f930e5baa1.jpg\" alt=\"\"  srcset=\"https:\/\/oasisfm935.com.ar\/site\/wp-content\/uploads\/2020\/08\/47806202-8741-49f2-a5c9-d2f930e5baa1.jpg 1080w, https:\/\/oasisfm935.com.ar\/site\/wp-content\/uploads\/2020\/08\/47806202-8741-49f2-a5c9-d2f930e5baa1-300x300.jpg 300w, https:\/\/oasisfm935.com.ar\/site\/wp-content\/uploads\/2020\/08\/47806202-8741-49f2-a5c9-d2f930e5baa1-1024x1024.jpg 1024w, https:\/\/oasisfm935.com.ar\/site\/wp-content\/uploads\/2020\/08\/47806202-8741-49f2-a5c9-d2f930e5baa1-150x150.jpg 150w, https:\/\/oasisfm935.com.ar\/site\/wp-content\/uploads\/2020\/08\/47806202-8741-49f2-a5c9-d2f930e5baa1-768x768.jpg 768w\" sizes=\"(max-width: 1080px) 100vw, 1080px\" class=\"no-lazyload\" width=\"1080\" height=\"1080\"  style=\"display: inline-block;\" \/><\/div>","protected":false},"excerpt":{"rendered":"<p>Las causas del corte se debieron a la ca\u00edda de un \u00e1rbol de gran porte (eucaliptus) sobre la l\u00ednea el\u00e9ctricas en un<\/p>\n","protected":false},"author":4,"featured_media":3399,"comment_status":"closed","ping_status":"open","sticky":false,"template":"","format":"standard","meta":{"colormag_page_layout":"default_layout","footnotes":""},"categories":[2],"tags":[],"class_list":["post-3398","post","type-post","status-publish","format-standard","has-post-thumbnail","hentry","category-noticias"],"_links":{"self":[{"href":"https:\/\/oasisfm935.com.ar\/site\/wp-json\/wp\/v2\/posts\/3398","targetHints":{"allow":["GET"]}}],"collection":[{"href":"https:\/\/oasisfm935.com.ar\/site\/wp-json\/wp\/v2\/posts"}],"about":[{"href":"https:\/\/oasisfm935.com.ar\/site\/wp-json\/wp\/v2\/types\/post"}],"author":[{"embeddable":true,"href":"https:\/\/oasisfm935.com.ar\/site\/wp-json\/wp\/v2\/users\/4"}],"replies":[{"embeddable":true,"href":"https:\/\/oasisfm935.com.ar\/site\/wp-json\/wp\/v2\/comments?post=3398"}],"version-history":[{"count":1,"href":"https:\/\/oasisfm935.com.ar\/site\/wp-json\/wp\/v2\/posts\/3398\/revisions"}],"predecessor-version":[{"id":3400,"href":"https:\/\/oasisfm935.com.ar\/site\/wp-json\/wp\/v2\/posts\/3398\/revisions\/3400"}],"wp:featuredmedia":[{"embeddable":true,"href":"https:\/\/oasisfm935.com.ar\/site\/wp-json\/wp\/v2\/media\/3399"}],"wp:attachment":[{"href":"https:\/\/oasisfm935.com.ar\/site\/wp-json\/wp\/v2\/media?parent=3398"}],"wp:term":[{"taxonomy":"category","embeddable":true,"href":"https:\/\/oasisfm935.com.ar\/site\/wp-json\/wp\/v2\/categories?post=3398"},{"taxonomy":"post_tag","embeddable":true,"href":"https:\/\/oasisfm935.com.ar\/site\/wp-json\/wp\/v2\/tags?post=3398"}],"curies":[{"name":"wp","href":"https:\/\/api.w.org\/{rel}","templated":true}]}}