{"id":3406,"date":"2019-12-29T12:43:27","date_gmt":"2019-12-29T15:43:27","guid":{"rendered":"http:\/\/oasisfm935.com\/site\/?p=3406"},"modified":"2019-12-29T12:43:27","modified_gmt":"2019-12-29T15:43:27","slug":"ypf-aumentara-manana-un-5-el-precio-de-los-combustibles","status":"publish","type":"post","link":"https:\/\/oasisfm935.com.ar\/site\/ypf-aumentara-manana-un-5-el-precio-de-los-combustibles\/","title":{"rendered":"YPF aumentar\u00e1 ma\u00f1ana un 5% el precio de los combustibles"},"content":{"rendered":"<p>&nbsp;<\/p>\n<p><strong>Regir\u00e1 desde las 0 horas<\/strong>. Es la primera suba desde que Alberto Fern\u00e1ndez lleg\u00f3 a a la presidencia. En La Pampa, la S\u00faper pasar\u00e1 los 50 pesos.<\/p>\n<p>A partir de la medianoche habr\u00e1 un aumento de los combustibles del 5%. La medida ya fue decidida por YPF pero se descuenta que el resto de las petroleras tomar\u00e1 una decisi\u00f3n similar, tal como viene sucediendo en los \u00faltimos tiempos, seg\u00fan public\u00f3 este domingo el sitio digital Infobae.com.<\/p>\n<p>Se trata del d\u00e9cimo aumento de los combustibles en lo que va de 2019, pero este incremento tiene un componente especial: es el primero desde que lleg\u00f3 Alberto Fern\u00e1ndez a la presidencia el 10 de diciembre.<\/p>\n<p>El nuevo presidente de YPF es Guillermo Nielsen, quien en agosto hab\u00eda criticado con duros t\u00e9rminos la decisi\u00f3n del gobierno de Mauricio Macri de congelar el valor del petr\u00f3leo, desde la explotaci\u00f3n hasta el expendio en estaciones de servicio.<\/p>\n<p>Con este primer aumento, Nielsen le est\u00e1 dando una clara se\u00f1al a los inversores en Vaca Muerta que su pol\u00edtica no ser\u00e1 la del congelamiento sino todo lo contrario: la idea es ir convergiendo gradualmente a valores internacionales. Seg\u00fan estiman en YPF, el atraso de los precios llega aproximadamente a un 9%.<\/p>\n<p>La suba de las naftas marca una clara diferencia con lo resuelto en materia de tarifas de servicios p\u00fablicos, que se congelaron hasta mediados de 2020. Esto se resolvi\u00f3 para luz, gas y transporte.<\/p>\n<p>Tanto Alberto Fern\u00e1ndez como el propio Nielsen vienen distendiendo que una de las prioridades del gobierno ser\u00e1 el desarrollo de Vaca Muerta, considerando el potencial exportador de este yacimiento. Pero para eso es necesario atraer inversiones millonarias.<\/p>\n<p>El titular de YPF ya estuvo hace diez d\u00edas en Estados Unidos explicando la pol\u00edtica energ\u00e9tica del nuevo gobierno y tambi\u00e9n empezando a hablar con posibles inversores.<\/p>\n<p>No todo el aumento de ma\u00f1ana quedar\u00e1 para las petroleras. Adem\u00e1s, en enero se actualizar\u00e1 el Impuesto a la Transferencia de Combustibles, que tambi\u00e9n hab\u00eda quedado congelado luego de las PASO. De esta forma, la mitad de la suba quedar\u00eda para las petroleras y la otra mitad se la terminar\u00e1 apropiando el Tesoro.<\/p>\n<p>En cuanto a la situaci\u00f3n de YPF, a\u00fan resta que el Gobierno designe a nuevos directores en la compa\u00f1\u00eda. Mientras tanto, contin\u00faan varios de la anterior gesti\u00f3n como Miguel Guti\u00e9rrez, que solo moment\u00e1neamente conserva su cargo de director a\u00fan cuando ya renunci\u00f3 a la presidencia.<\/p>\n<p>Diario de la Pampa<\/p>\n<div class=\"oasis-despues-del-contenido\" id=\"oasis-4075940960\"><img loading=\"lazy\" decoding=\"async\" src=\"https:\/\/oasisfm935.com.ar\/site\/wp-content\/uploads\/2020\/08\/47806202-8741-49f2-a5c9-d2f930e5baa1.jpg\" alt=\"\"  srcset=\"https:\/\/oasisfm935.com.ar\/site\/wp-content\/uploads\/2020\/08\/47806202-8741-49f2-a5c9-d2f930e5baa1.jpg 1080w, https:\/\/oasisfm935.com.ar\/site\/wp-content\/uploads\/2020\/08\/47806202-8741-49f2-a5c9-d2f930e5baa1-300x300.jpg 300w, https:\/\/oasisfm935.com.ar\/site\/wp-content\/uploads\/2020\/08\/47806202-8741-49f2-a5c9-d2f930e5baa1-1024x1024.jpg 1024w, https:\/\/oasisfm935.com.ar\/site\/wp-content\/uploads\/2020\/08\/47806202-8741-49f2-a5c9-d2f930e5baa1-150x150.jpg 150w, https:\/\/oasisfm935.com.ar\/site\/wp-content\/uploads\/2020\/08\/47806202-8741-49f2-a5c9-d2f930e5baa1-768x768.jpg 768w\" sizes=\"(max-width: 1080px) 100vw, 1080px\" class=\"no-lazyload\" width=\"1080\" height=\"1080\"  style=\"display: inline-block;\" \/><\/div>","protected":false},"excerpt":{"rendered":"<p>&nbsp; Regir\u00e1 desde las 0 horas. Es la primera suba desde que Alberto Fern\u00e1ndez lleg\u00f3 a a la presidencia. En La Pampa,<\/p>\n","protected":false},"author":4,"featured_media":3407,"comment_status":"closed","ping_status":"open","sticky":false,"template":"","format":"standard","meta":{"colormag_page_layout":"default_layout","footnotes":""},"categories":[2],"tags":[],"class_list":["post-3406","post","type-post","status-publish","format-standard","has-post-thumbnail","hentry","category-noticias"],"_links":{"self":[{"href":"https:\/\/oasisfm935.com.ar\/site\/wp-json\/wp\/v2\/posts\/3406","targetHints":{"allow":["GET"]}}],"collection":[{"href":"https:\/\/oasisfm935.com.ar\/site\/wp-json\/wp\/v2\/posts"}],"about":[{"href":"https:\/\/oasisfm935.com.ar\/site\/wp-json\/wp\/v2\/types\/post"}],"author":[{"embeddable":true,"href":"https:\/\/oasisfm935.com.ar\/site\/wp-json\/wp\/v2\/users\/4"}],"replies":[{"embeddable":true,"href":"https:\/\/oasisfm935.com.ar\/site\/wp-json\/wp\/v2\/comments?post=3406"}],"version-history":[{"count":1,"href":"https:\/\/oasisfm935.com.ar\/site\/wp-json\/wp\/v2\/posts\/3406\/revisions"}],"predecessor-version":[{"id":3408,"href":"https:\/\/oasisfm935.com.ar\/site\/wp-json\/wp\/v2\/posts\/3406\/revisions\/3408"}],"wp:featuredmedia":[{"embeddable":true,"href":"https:\/\/oasisfm935.com.ar\/site\/wp-json\/wp\/v2\/media\/3407"}],"wp:attachment":[{"href":"https:\/\/oasisfm935.com.ar\/site\/wp-json\/wp\/v2\/media?parent=3406"}],"wp:term":[{"taxonomy":"category","embeddable":true,"href":"https:\/\/oasisfm935.com.ar\/site\/wp-json\/wp\/v2\/categories?post=3406"},{"taxonomy":"post_tag","embeddable":true,"href":"https:\/\/oasisfm935.com.ar\/site\/wp-json\/wp\/v2\/tags?post=3406"}],"curies":[{"name":"wp","href":"https:\/\/api.w.org\/{rel}","templated":true}]}}