{"id":3414,"date":"2019-12-29T19:18:56","date_gmt":"2019-12-29T22:18:56","guid":{"rendered":"http:\/\/oasisfm935.com\/site\/?p=3414"},"modified":"2019-12-29T19:18:56","modified_gmt":"2019-12-29T22:18:56","slug":"precios-sin-cambios-alberto-fernandez-ordeno-a-ypf-dar-marcha-atras-con-el-aumento-del-5-en-los-combustibles","status":"publish","type":"post","link":"https:\/\/oasisfm935.com.ar\/site\/precios-sin-cambios-alberto-fernandez-ordeno-a-ypf-dar-marcha-atras-con-el-aumento-del-5-en-los-combustibles\/","title":{"rendered":"Precios sin cambios  Alberto Fern\u00e1ndez orden\u00f3 a YPF dar marcha atr\u00e1s con el aumento del 5% en los combustibles"},"content":{"rendered":"<p>El gobierno\u00a0<strong>decidi\u00f3 dejar sin efecto la suba de combustibles del 5%<\/strong>\u00a0que iba a entrar en vigencia esta noche. Alberto Fern\u00e1ndez le trasmiti\u00f3 esta tarde a Guillermo Nielsen, el titular de YPF que se anule el aumento luego de que trascendiera que iban a regir los incrementos.<\/p>\n<p>La petrolera nacional ser\u00eda, como suele ocurrir, la que dar\u00eda el primer paso para que luego la imiten las dem\u00e1s firmas. Con la decisi\u00f3n de que YPF no suba, todo indica que el resto de las compa\u00f1\u00edas tampoco aplicar\u00e1n aumentos, al menos por ahora.<\/p>\n<p>Fern\u00e1ndez habl\u00f3 este domingo por la tarde con Nielsen. Seg\u00fan reconstruy\u00f3\u00a0<strong>Clar\u00edn,<\/strong>\u00a0el economista que dise\u00f1\u00f3 el plan\u00a0 de Vaca Muerta y qued\u00f3 al frente de YPF, le\u00a0<strong>hab\u00eda elevado un pedido para actualizar los precios de los combustibles.<\/strong><\/p>\n<p>Argument\u00f3 que los precios ven\u00edan desactualizados y que era necesario un incremento para garantizar la rentabilidad de las petroleras. Habl\u00f3, al principio, de un incremento del 10% que luego redujo a 5 puntos.<\/p>\n<p>En el Gobierno aseguran que nunca hubo una autorizaci\u00f3n de la Casa Rosada para que YPF aumente. \u00abTodas las tarifas est\u00e1n congeladas por seis meses. En ese contexto, no pueden subir el combustible. Adem\u00e1s ganaron mucha plata en estos a\u00f1os\u00bb, apunt\u00f3 una fuente oficial a\u00a0<strong>Clar\u00edn.<\/strong><\/p>\n<div class=\"oasis-despues-del-contenido\" id=\"oasis-137909001\"><img loading=\"lazy\" decoding=\"async\" src=\"https:\/\/oasisfm935.com.ar\/site\/wp-content\/uploads\/2020\/08\/47806202-8741-49f2-a5c9-d2f930e5baa1.jpg\" alt=\"\"  srcset=\"https:\/\/oasisfm935.com.ar\/site\/wp-content\/uploads\/2020\/08\/47806202-8741-49f2-a5c9-d2f930e5baa1.jpg 1080w, https:\/\/oasisfm935.com.ar\/site\/wp-content\/uploads\/2020\/08\/47806202-8741-49f2-a5c9-d2f930e5baa1-300x300.jpg 300w, https:\/\/oasisfm935.com.ar\/site\/wp-content\/uploads\/2020\/08\/47806202-8741-49f2-a5c9-d2f930e5baa1-1024x1024.jpg 1024w, https:\/\/oasisfm935.com.ar\/site\/wp-content\/uploads\/2020\/08\/47806202-8741-49f2-a5c9-d2f930e5baa1-150x150.jpg 150w, https:\/\/oasisfm935.com.ar\/site\/wp-content\/uploads\/2020\/08\/47806202-8741-49f2-a5c9-d2f930e5baa1-768x768.jpg 768w\" sizes=\"(max-width: 1080px) 100vw, 1080px\" class=\"no-lazyload\" width=\"1080\" height=\"1080\"  style=\"display: inline-block;\" \/><\/div>","protected":false},"excerpt":{"rendered":"<p>El gobierno\u00a0decidi\u00f3 dejar sin efecto la suba de combustibles del 5%\u00a0que iba a entrar en vigencia esta noche. Alberto Fern\u00e1ndez le trasmiti\u00f3<\/p>\n","protected":false},"author":4,"featured_media":2984,"comment_status":"closed","ping_status":"open","sticky":false,"template":"","format":"standard","meta":{"colormag_page_layout":"default_layout","footnotes":""},"categories":[2],"tags":[],"class_list":["post-3414","post","type-post","status-publish","format-standard","has-post-thumbnail","hentry","category-noticias"],"_links":{"self":[{"href":"https:\/\/oasisfm935.com.ar\/site\/wp-json\/wp\/v2\/posts\/3414","targetHints":{"allow":["GET"]}}],"collection":[{"href":"https:\/\/oasisfm935.com.ar\/site\/wp-json\/wp\/v2\/posts"}],"about":[{"href":"https:\/\/oasisfm935.com.ar\/site\/wp-json\/wp\/v2\/types\/post"}],"author":[{"embeddable":true,"href":"https:\/\/oasisfm935.com.ar\/site\/wp-json\/wp\/v2\/users\/4"}],"replies":[{"embeddable":true,"href":"https:\/\/oasisfm935.com.ar\/site\/wp-json\/wp\/v2\/comments?post=3414"}],"version-history":[{"count":1,"href":"https:\/\/oasisfm935.com.ar\/site\/wp-json\/wp\/v2\/posts\/3414\/revisions"}],"predecessor-version":[{"id":3415,"href":"https:\/\/oasisfm935.com.ar\/site\/wp-json\/wp\/v2\/posts\/3414\/revisions\/3415"}],"wp:featuredmedia":[{"embeddable":true,"href":"https:\/\/oasisfm935.com.ar\/site\/wp-json\/wp\/v2\/media\/2984"}],"wp:attachment":[{"href":"https:\/\/oasisfm935.com.ar\/site\/wp-json\/wp\/v2\/media?parent=3414"}],"wp:term":[{"taxonomy":"category","embeddable":true,"href":"https:\/\/oasisfm935.com.ar\/site\/wp-json\/wp\/v2\/categories?post=3414"},{"taxonomy":"post_tag","embeddable":true,"href":"https:\/\/oasisfm935.com.ar\/site\/wp-json\/wp\/v2\/tags?post=3414"}],"curies":[{"name":"wp","href":"https:\/\/api.w.org\/{rel}","templated":true}]}}