{"id":3416,"date":"2019-12-29T19:55:17","date_gmt":"2019-12-29T22:55:17","guid":{"rendered":"http:\/\/oasisfm935.com\/site\/?p=3416"},"modified":"2019-12-29T19:56:29","modified_gmt":"2019-12-29T22:56:29","slug":"3416-2","status":"publish","type":"post","link":"https:\/\/oasisfm935.com.ar\/site\/3416-2\/","title":{"rendered":"La Pampa \u201ccongela\u201d por 10 meses corridos el valor de la tarifa el\u00e9ctrica"},"content":{"rendered":"<p>&nbsp;<\/p>\n<p>Fue una decisi\u00f3n que tom\u00f3 este fin de semana el gobernador Sergio Ziliotto.\u00a0<strong>\u201cLa Pampa ha demostrado el absoluto apoyo al Gobierno Nacional en la dif\u00edcil tarea de poner a Argentina de pie\u201d<\/strong>, destacaron desde Casa de Gobierno.<\/p>\n<p>En La Pampa, el congelamiento de las tarifas el\u00e9ctricas tendr\u00e1 vigencia por 10 meses, ya que se mantendr\u00e1 el cuadro tarifario que rige desde el 1\u00ba de septiembre de 2019, seg\u00fan dio a conocer este domingo el Gobierno Provincial<\/p>\n<p>\u201cLa dministraci\u00f3n Provincial de Energ\u00eda confirm\u00f3 que el mantenimiento del cuadro tarifario actual del servicio el\u00e9ctrico est\u00e1 garantizado y que ning\u00fan usuario abonar\u00e1 tarifas diferentes a las que ya rigen desde el mes de septiembre de 2019\u201d, se indic\u00f3 a trav\u00e9s de un comunicado de prensa oficial.<\/p>\n<p>\u201cEn virtud de la adhesi\u00f3n a las pol\u00edticas de mantenimiento de los cuadros tarifarios del Gobierno Nacional y a la instrucci\u00f3n del gobernador, Sergio Ziliotto, de prorrogar el congelamiento de tarifas a partir del 1\u00ba de enero y por el plazo de 180 d\u00edas, queda definido un congelamiento tarifario \u2013de la energ\u00eda el\u00e9ctrica- por 10 meses consecutivos en la provincia de La Pampa. Este lapso es el comprendido entre el 1\u00ba de septiembre de 2019 y el 30 de junio de 2020\u201d, a\u00f1adi\u00f3 el mismo escrito.<\/p>\n<p>\u201cLa Provincia de La Pampa ha demostrado, en forma inequ\u00edvoca y en todos sus niveles pol\u00edticos y de gesti\u00f3n, el absoluto apoyo al Gobierno Nacional en la dif\u00edcil tarea de poner a Argentina de pie estableciendo medidas paliativas aun en momentos en que el Ejecutivo Nacional era comandado por Mauricio Macri\u201d, concluy\u00f3 el mismo escrito<\/p>\n<div class=\"oasis-despues-del-contenido\" id=\"oasis-4241506939\"><img loading=\"lazy\" decoding=\"async\" src=\"https:\/\/oasisfm935.com.ar\/site\/wp-content\/uploads\/2020\/08\/47806202-8741-49f2-a5c9-d2f930e5baa1.jpg\" alt=\"\"  srcset=\"https:\/\/oasisfm935.com.ar\/site\/wp-content\/uploads\/2020\/08\/47806202-8741-49f2-a5c9-d2f930e5baa1.jpg 1080w, https:\/\/oasisfm935.com.ar\/site\/wp-content\/uploads\/2020\/08\/47806202-8741-49f2-a5c9-d2f930e5baa1-300x300.jpg 300w, https:\/\/oasisfm935.com.ar\/site\/wp-content\/uploads\/2020\/08\/47806202-8741-49f2-a5c9-d2f930e5baa1-1024x1024.jpg 1024w, https:\/\/oasisfm935.com.ar\/site\/wp-content\/uploads\/2020\/08\/47806202-8741-49f2-a5c9-d2f930e5baa1-150x150.jpg 150w, https:\/\/oasisfm935.com.ar\/site\/wp-content\/uploads\/2020\/08\/47806202-8741-49f2-a5c9-d2f930e5baa1-768x768.jpg 768w\" sizes=\"(max-width: 1080px) 100vw, 1080px\" class=\"no-lazyload\" width=\"1080\" height=\"1080\"  style=\"display: inline-block;\" \/><\/div>","protected":false},"excerpt":{"rendered":"<p>&nbsp; Fue una decisi\u00f3n que tom\u00f3 este fin de semana el gobernador Sergio Ziliotto.\u00a0\u201cLa Pampa ha demostrado el absoluto apoyo al Gobierno<\/p>\n","protected":false},"author":4,"featured_media":3309,"comment_status":"closed","ping_status":"open","sticky":false,"template":"","format":"standard","meta":{"colormag_page_layout":"default_layout","footnotes":""},"categories":[2],"tags":[],"class_list":["post-3416","post","type-post","status-publish","format-standard","has-post-thumbnail","hentry","category-noticias"],"_links":{"self":[{"href":"https:\/\/oasisfm935.com.ar\/site\/wp-json\/wp\/v2\/posts\/3416","targetHints":{"allow":["GET"]}}],"collection":[{"href":"https:\/\/oasisfm935.com.ar\/site\/wp-json\/wp\/v2\/posts"}],"about":[{"href":"https:\/\/oasisfm935.com.ar\/site\/wp-json\/wp\/v2\/types\/post"}],"author":[{"embeddable":true,"href":"https:\/\/oasisfm935.com.ar\/site\/wp-json\/wp\/v2\/users\/4"}],"replies":[{"embeddable":true,"href":"https:\/\/oasisfm935.com.ar\/site\/wp-json\/wp\/v2\/comments?post=3416"}],"version-history":[{"count":2,"href":"https:\/\/oasisfm935.com.ar\/site\/wp-json\/wp\/v2\/posts\/3416\/revisions"}],"predecessor-version":[{"id":3419,"href":"https:\/\/oasisfm935.com.ar\/site\/wp-json\/wp\/v2\/posts\/3416\/revisions\/3419"}],"wp:featuredmedia":[{"embeddable":true,"href":"https:\/\/oasisfm935.com.ar\/site\/wp-json\/wp\/v2\/media\/3309"}],"wp:attachment":[{"href":"https:\/\/oasisfm935.com.ar\/site\/wp-json\/wp\/v2\/media?parent=3416"}],"wp:term":[{"taxonomy":"category","embeddable":true,"href":"https:\/\/oasisfm935.com.ar\/site\/wp-json\/wp\/v2\/categories?post=3416"},{"taxonomy":"post_tag","embeddable":true,"href":"https:\/\/oasisfm935.com.ar\/site\/wp-json\/wp\/v2\/tags?post=3416"}],"curies":[{"name":"wp","href":"https:\/\/api.w.org\/{rel}","templated":true}]}}