{"id":3421,"date":"2019-12-30T08:37:23","date_gmt":"2019-12-30T11:37:23","guid":{"rendered":"http:\/\/oasisfm935.com\/site\/?p=3421"},"modified":"2019-12-30T08:47:16","modified_gmt":"2019-12-30T11:47:16","slug":"habra-reintegros-a-jubilados-y-auh-por-consumo-de-alimentos-con-debito","status":"publish","type":"post","link":"https:\/\/oasisfm935.com.ar\/site\/habra-reintegros-a-jubilados-y-auh-por-consumo-de-alimentos-con-debito\/","title":{"rendered":"Habr\u00e1 reintegros a jubilados y AUH por consumo de alimentos con d\u00e9bito"},"content":{"rendered":"<p>La AFIP pondr\u00e1 en marcha a fines de enero la\u00a0<strong>devoluci\u00f3n de hasta 700 pesos por consumos de alimentos con tarjeta de d\u00e9bito<\/strong>, tanto para<strong>\u00a0jubilaciones m\u00ednimas<\/strong>\u00a0como titulares de la\u00a0<strong>Asignaci\u00f3n Universal por Hijo.<\/strong><\/p>\n<p>La medida ser\u00e1 implementada por AFIP en conjunto con el Ministerio de Desarrollo Social, la ANSES y otros organismos para garantizar que la implementaci\u00f3n alcance a la mayor cantidad posible de peque\u00f1os comercios.<\/p>\n<p>Se trata de una de las soluciones superadoras que busca el Ejecutivo al vencimiento del IVA 0%, que operar\u00e1 el 1 de enero y no ser\u00eda renovado oficialmente, consign\u00f3 el diario BAE.<\/p>\n<p><strong>\u00abEl proyecto habilita a que se otorgue una suma fija que estar\u00e1 focalizada en aquellas personas que perciben\u00a0ingresos m\u00e1s bajos y son las m\u00e1s afectados por la crisis. Queremos garantizar que esta medida beneficie a la demanda pero tambi\u00e9n a la oferta\u00bb<\/strong>, expres\u00f3 la titular de la AFIP, Mercedes Marc\u00f3 del Pont.<\/p>\n<p>El reintegro no corresponde a ning\u00fan impuesto en particular pero la cifra de 700 pesos es producto de una estimaci\u00f3n de cu\u00e1nto pagan en IVA por el consumo de alimentos los sectores m\u00e1s postergados. \u00abComo en los hogares beneficiarios\u00a0suelen existir dos prestaciones, el monto de la devoluci\u00f3n ascender\u00e1 a los 1.400 pesos por hogar\u00bb, a\u00f1adieron desde la AFIP.<\/p>\n<div class=\"oasis-despues-del-contenido\" id=\"oasis-3605726717\"><img loading=\"lazy\" decoding=\"async\" src=\"https:\/\/oasisfm935.com.ar\/site\/wp-content\/uploads\/2020\/08\/47806202-8741-49f2-a5c9-d2f930e5baa1.jpg\" alt=\"\"  srcset=\"https:\/\/oasisfm935.com.ar\/site\/wp-content\/uploads\/2020\/08\/47806202-8741-49f2-a5c9-d2f930e5baa1.jpg 1080w, https:\/\/oasisfm935.com.ar\/site\/wp-content\/uploads\/2020\/08\/47806202-8741-49f2-a5c9-d2f930e5baa1-300x300.jpg 300w, https:\/\/oasisfm935.com.ar\/site\/wp-content\/uploads\/2020\/08\/47806202-8741-49f2-a5c9-d2f930e5baa1-1024x1024.jpg 1024w, https:\/\/oasisfm935.com.ar\/site\/wp-content\/uploads\/2020\/08\/47806202-8741-49f2-a5c9-d2f930e5baa1-150x150.jpg 150w, https:\/\/oasisfm935.com.ar\/site\/wp-content\/uploads\/2020\/08\/47806202-8741-49f2-a5c9-d2f930e5baa1-768x768.jpg 768w\" sizes=\"(max-width: 1080px) 100vw, 1080px\" class=\"no-lazyload\" width=\"1080\" height=\"1080\"  style=\"display: inline-block;\" \/><\/div>","protected":false},"excerpt":{"rendered":"<p>La AFIP pondr\u00e1 en marcha a fines de enero la\u00a0devoluci\u00f3n de hasta 700 pesos por consumos de alimentos con tarjeta de d\u00e9bito,<\/p>\n","protected":false},"author":4,"featured_media":3422,"comment_status":"closed","ping_status":"open","sticky":false,"template":"","format":"standard","meta":{"colormag_page_layout":"default_layout","footnotes":""},"categories":[2],"tags":[],"class_list":["post-3421","post","type-post","status-publish","format-standard","has-post-thumbnail","hentry","category-noticias"],"_links":{"self":[{"href":"https:\/\/oasisfm935.com.ar\/site\/wp-json\/wp\/v2\/posts\/3421","targetHints":{"allow":["GET"]}}],"collection":[{"href":"https:\/\/oasisfm935.com.ar\/site\/wp-json\/wp\/v2\/posts"}],"about":[{"href":"https:\/\/oasisfm935.com.ar\/site\/wp-json\/wp\/v2\/types\/post"}],"author":[{"embeddable":true,"href":"https:\/\/oasisfm935.com.ar\/site\/wp-json\/wp\/v2\/users\/4"}],"replies":[{"embeddable":true,"href":"https:\/\/oasisfm935.com.ar\/site\/wp-json\/wp\/v2\/comments?post=3421"}],"version-history":[{"count":1,"href":"https:\/\/oasisfm935.com.ar\/site\/wp-json\/wp\/v2\/posts\/3421\/revisions"}],"predecessor-version":[{"id":3423,"href":"https:\/\/oasisfm935.com.ar\/site\/wp-json\/wp\/v2\/posts\/3421\/revisions\/3423"}],"wp:featuredmedia":[{"embeddable":true,"href":"https:\/\/oasisfm935.com.ar\/site\/wp-json\/wp\/v2\/media\/3422"}],"wp:attachment":[{"href":"https:\/\/oasisfm935.com.ar\/site\/wp-json\/wp\/v2\/media?parent=3421"}],"wp:term":[{"taxonomy":"category","embeddable":true,"href":"https:\/\/oasisfm935.com.ar\/site\/wp-json\/wp\/v2\/categories?post=3421"},{"taxonomy":"post_tag","embeddable":true,"href":"https:\/\/oasisfm935.com.ar\/site\/wp-json\/wp\/v2\/tags?post=3421"}],"curies":[{"name":"wp","href":"https:\/\/api.w.org\/{rel}","templated":true}]}}