{"id":3427,"date":"2019-12-31T17:37:45","date_gmt":"2019-12-31T20:37:45","guid":{"rendered":"http:\/\/oasisfm935.com\/site\/?p=3427"},"modified":"2019-12-31T17:37:45","modified_gmt":"2019-12-31T20:37:45","slug":"el-mensaje-de-fin-de-ano-de-la-intendenta-patricia-lavin","status":"publish","type":"post","link":"https:\/\/oasisfm935.com.ar\/site\/el-mensaje-de-fin-de-ano-de-la-intendenta-patricia-lavin\/","title":{"rendered":"El mensaje de fin de a\u00f1o de la intendenta Patricia Lav\u00edn."},"content":{"rendered":"<p>La intendente Patricia Lav\u00edn, dejo su mensaje con motivo del inicio de un nuevo a\u00f1o a todos los Luiggenses.<\/p>\n<p>El inicio de un nuevo a\u00f1o debe servirnos para encontrarnos, unirnos y tomar fuerzas&#8230;<br \/>\nEn este 2020 vayamos por lo que falta &#x1f4ab;<\/p>\n<div style=\"width: 800px;\" class=\"wp-video\"><video class=\"wp-video-shortcode\" id=\"video-3427-1\" width=\"800\" height=\"453\" preload=\"metadata\" controls=\"controls\"><source type=\"video\/mp4\" src=\"http:\/\/oasisfm935.com\/site\/wp-content\/uploads\/2019\/12\/VID-20191230-WA0030.mp4?_=1\" \/><a href=\"http:\/\/oasisfm935.com\/site\/wp-content\/uploads\/2019\/12\/VID-20191230-WA0030.mp4\">http:\/\/oasisfm935.com\/site\/wp-content\/uploads\/2019\/12\/VID-20191230-WA0030.mp4<\/a><\/video><\/div>\n<div class=\"oasis-despues-del-contenido\" id=\"oasis-1248724768\"><img loading=\"lazy\" decoding=\"async\" src=\"https:\/\/oasisfm935.com.ar\/site\/wp-content\/uploads\/2020\/08\/47806202-8741-49f2-a5c9-d2f930e5baa1.jpg\" alt=\"\"  srcset=\"https:\/\/oasisfm935.com.ar\/site\/wp-content\/uploads\/2020\/08\/47806202-8741-49f2-a5c9-d2f930e5baa1.jpg 1080w, https:\/\/oasisfm935.com.ar\/site\/wp-content\/uploads\/2020\/08\/47806202-8741-49f2-a5c9-d2f930e5baa1-300x300.jpg 300w, https:\/\/oasisfm935.com.ar\/site\/wp-content\/uploads\/2020\/08\/47806202-8741-49f2-a5c9-d2f930e5baa1-1024x1024.jpg 1024w, https:\/\/oasisfm935.com.ar\/site\/wp-content\/uploads\/2020\/08\/47806202-8741-49f2-a5c9-d2f930e5baa1-150x150.jpg 150w, https:\/\/oasisfm935.com.ar\/site\/wp-content\/uploads\/2020\/08\/47806202-8741-49f2-a5c9-d2f930e5baa1-768x768.jpg 768w\" sizes=\"(max-width: 1080px) 100vw, 1080px\" class=\"no-lazyload\" width=\"1080\" height=\"1080\"  style=\"display: inline-block;\" \/><\/div>","protected":false},"excerpt":{"rendered":"<p>La intendente Patricia Lav\u00edn, dejo su mensaje con motivo del inicio de un nuevo a\u00f1o a todos los Luiggenses. El inicio de<\/p>\n","protected":false},"author":4,"featured_media":3246,"comment_status":"closed","ping_status":"open","sticky":false,"template":"","format":"standard","meta":{"colormag_page_layout":"default_layout","footnotes":""},"categories":[2],"tags":[],"class_list":["post-3427","post","type-post","status-publish","format-standard","has-post-thumbnail","hentry","category-noticias"],"_links":{"self":[{"href":"https:\/\/oasisfm935.com.ar\/site\/wp-json\/wp\/v2\/posts\/3427","targetHints":{"allow":["GET"]}}],"collection":[{"href":"https:\/\/oasisfm935.com.ar\/site\/wp-json\/wp\/v2\/posts"}],"about":[{"href":"https:\/\/oasisfm935.com.ar\/site\/wp-json\/wp\/v2\/types\/post"}],"author":[{"embeddable":true,"href":"https:\/\/oasisfm935.com.ar\/site\/wp-json\/wp\/v2\/users\/4"}],"replies":[{"embeddable":true,"href":"https:\/\/oasisfm935.com.ar\/site\/wp-json\/wp\/v2\/comments?post=3427"}],"version-history":[{"count":1,"href":"https:\/\/oasisfm935.com.ar\/site\/wp-json\/wp\/v2\/posts\/3427\/revisions"}],"predecessor-version":[{"id":3428,"href":"https:\/\/oasisfm935.com.ar\/site\/wp-json\/wp\/v2\/posts\/3427\/revisions\/3428"}],"wp:featuredmedia":[{"embeddable":true,"href":"https:\/\/oasisfm935.com.ar\/site\/wp-json\/wp\/v2\/media\/3246"}],"wp:attachment":[{"href":"https:\/\/oasisfm935.com.ar\/site\/wp-json\/wp\/v2\/media?parent=3427"}],"wp:term":[{"taxonomy":"category","embeddable":true,"href":"https:\/\/oasisfm935.com.ar\/site\/wp-json\/wp\/v2\/categories?post=3427"},{"taxonomy":"post_tag","embeddable":true,"href":"https:\/\/oasisfm935.com.ar\/site\/wp-json\/wp\/v2\/tags?post=3427"}],"curies":[{"name":"wp","href":"https:\/\/api.w.org\/{rel}","templated":true}]}}