{"id":3439,"date":"2020-01-04T10:21:29","date_gmt":"2020-01-04T13:21:29","guid":{"rendered":"http:\/\/oasisfm935.com\/site\/?p=3439"},"modified":"2020-01-04T10:21:29","modified_gmt":"2020-01-04T13:21:29","slug":"triple-choque-en-cercanias-de-quemu-el-camionero-es-de-luiggi","status":"publish","type":"post","link":"https:\/\/oasisfm935.com.ar\/site\/triple-choque-en-cercanias-de-quemu-el-camionero-es-de-luiggi\/","title":{"rendered":"TRIPLE CHOQUE EN CERCAN\u00cdAS DE QUEM\u00da, EL CAMIONERO ES DE LUIGGI"},"content":{"rendered":"<p>Un cami\u00f3n, un tractor y una camioneta protagonizaron un triple choque en la ruta provincial 1, entre Tril\u00ed y Quem\u00fa. Adem\u00e1s, la pickup volc\u00f3. Pese a la violencia de los impactos, no hubo heridos, informaron fuentes oficiales<\/p>\n<p><img decoding=\"async\" src=\"https:\/\/infotecrealico.com.ar\/download\/multimedia.miniatura.87ff2c57e5852203.57686174734170702d496d6167652d323032302d30312d30342d61742d30392e5f6d696e6961747572612e6a706567.jpeg\" alt=\"WhatsApp-Image-2020-01-04-at-09.36.47-2\" \/><\/p>\n<p>Los tres veh\u00edculos se dirig\u00edan en la misma direcci\u00f3n: hacia el sur.\u00a0<em><strong>\u00abAdelante se dirig\u00eda el tractor que tiraba una sembradora, un carro y una casilla; detr\u00e1s una camioneta, que tiraba de un trailer que llevaba un caballo y finalmente un cami\u00f3n VW, vac\u00edo, que choc\u00f3 contra el carro de la camioneta, a la que hizo volcar. A su vez, la camioneta choc\u00f3 la formaci\u00f3n del tractor\u00bb<\/strong><\/em>, contaron.<\/p>\n<p>Los tres conductores de los veh\u00edculos no sufrieron lesiones. Tampoco la mujer y el ni\u00f1o que iban de acompa\u00f1antes en la camioneta. El caballo, por su parte, tambi\u00e9n result\u00f3 ileso.<\/p>\n<p>\u00bfPor qu\u00e9 se produjo el siniestro? Una de las posibilidades es que el camionero, oriundo de Luiggi, se haya dormido. Pero \u00e9l neg\u00f3 eso terminantemente. Lo cierto es que intent\u00f3 esquivar el carro del caballo, pero no pudo y gener\u00f3 el triple choque.<\/p>\n<p><img decoding=\"async\" src=\"http:\/\/infotecrealico.com.ar\/download\/multimedia.normal.abbfb3c771ecff83.57686174734170702d496d6167652d323032302d30312d30342d61742d30392e5f6e6f726d616c2e6a706567.jpeg\" alt=\"WhatsApp-Image-2020-01-04-at-09.40.52-2\" \/><\/p>\n<p><img decoding=\"async\" src=\"http:\/\/infotecrealico.com.ar\/download\/multimedia.normal.a43dbaa2780fd910.57686174734170702d496d6167652d323032302d30312d30342d61742d30392e5f6e6f726d616c2e6a706567.jpeg\" alt=\"WhatsApp-Image-2020-01-04-at-09.40.52-1\" \/><\/p>\n<p><img decoding=\"async\" src=\"http:\/\/infotecrealico.com.ar\/download\/multimedia.normal.a0ddc1a27f758d58.57686174734170702d496d6167652d323032302d30312d30342d61742d30392e5f6e6f726d616c2e6a706567.jpeg\" alt=\"WhatsApp-Image-2020-01-04-at-09.40.52\" \/><\/p>\n<p><img decoding=\"async\" src=\"http:\/\/infotecrealico.com.ar\/download\/multimedia.normal.807896ec5336f7a4.747269706c6563686f7175657175656d75323032302d335f6e6f726d616c2e6a7067.jpg\" alt=\"triplechoquequemu2020-3\" \/><\/p>\n<p><img decoding=\"async\" src=\"http:\/\/infotecrealico.com.ar\/download\/multimedia.normal.952ec64010f3a937.747269706c6563686f7175657175656d75323032302d355f6e6f726d616c2e6a7067.jpg\" alt=\"triplechoquequemu2020-5\" \/><\/p>\n<p>Gentileza: Diario Textual\/Infopico<\/p>\n<div class=\"oasis-despues-del-contenido\" id=\"oasis-2572371413\"><img loading=\"lazy\" decoding=\"async\" src=\"https:\/\/oasisfm935.com.ar\/site\/wp-content\/uploads\/2020\/08\/47806202-8741-49f2-a5c9-d2f930e5baa1.jpg\" alt=\"\"  srcset=\"https:\/\/oasisfm935.com.ar\/site\/wp-content\/uploads\/2020\/08\/47806202-8741-49f2-a5c9-d2f930e5baa1.jpg 1080w, https:\/\/oasisfm935.com.ar\/site\/wp-content\/uploads\/2020\/08\/47806202-8741-49f2-a5c9-d2f930e5baa1-300x300.jpg 300w, https:\/\/oasisfm935.com.ar\/site\/wp-content\/uploads\/2020\/08\/47806202-8741-49f2-a5c9-d2f930e5baa1-1024x1024.jpg 1024w, https:\/\/oasisfm935.com.ar\/site\/wp-content\/uploads\/2020\/08\/47806202-8741-49f2-a5c9-d2f930e5baa1-150x150.jpg 150w, https:\/\/oasisfm935.com.ar\/site\/wp-content\/uploads\/2020\/08\/47806202-8741-49f2-a5c9-d2f930e5baa1-768x768.jpg 768w\" sizes=\"(max-width: 1080px) 100vw, 1080px\" class=\"no-lazyload\" width=\"1080\" height=\"1080\"  style=\"display: inline-block;\" \/><\/div>","protected":false},"excerpt":{"rendered":"<p>Un cami\u00f3n, un tractor y una camioneta protagonizaron un triple choque en la ruta provincial 1, entre Tril\u00ed y Quem\u00fa. Adem\u00e1s, la<\/p>\n","protected":false},"author":4,"featured_media":3440,"comment_status":"closed","ping_status":"open","sticky":false,"template":"","format":"standard","meta":{"colormag_page_layout":"default_layout","footnotes":""},"categories":[2],"tags":[],"class_list":["post-3439","post","type-post","status-publish","format-standard","has-post-thumbnail","hentry","category-noticias"],"_links":{"self":[{"href":"https:\/\/oasisfm935.com.ar\/site\/wp-json\/wp\/v2\/posts\/3439","targetHints":{"allow":["GET"]}}],"collection":[{"href":"https:\/\/oasisfm935.com.ar\/site\/wp-json\/wp\/v2\/posts"}],"about":[{"href":"https:\/\/oasisfm935.com.ar\/site\/wp-json\/wp\/v2\/types\/post"}],"author":[{"embeddable":true,"href":"https:\/\/oasisfm935.com.ar\/site\/wp-json\/wp\/v2\/users\/4"}],"replies":[{"embeddable":true,"href":"https:\/\/oasisfm935.com.ar\/site\/wp-json\/wp\/v2\/comments?post=3439"}],"version-history":[{"count":1,"href":"https:\/\/oasisfm935.com.ar\/site\/wp-json\/wp\/v2\/posts\/3439\/revisions"}],"predecessor-version":[{"id":3441,"href":"https:\/\/oasisfm935.com.ar\/site\/wp-json\/wp\/v2\/posts\/3439\/revisions\/3441"}],"wp:featuredmedia":[{"embeddable":true,"href":"https:\/\/oasisfm935.com.ar\/site\/wp-json\/wp\/v2\/media\/3440"}],"wp:attachment":[{"href":"https:\/\/oasisfm935.com.ar\/site\/wp-json\/wp\/v2\/media?parent=3439"}],"wp:term":[{"taxonomy":"category","embeddable":true,"href":"https:\/\/oasisfm935.com.ar\/site\/wp-json\/wp\/v2\/categories?post=3439"},{"taxonomy":"post_tag","embeddable":true,"href":"https:\/\/oasisfm935.com.ar\/site\/wp-json\/wp\/v2\/tags?post=3439"}],"curies":[{"name":"wp","href":"https:\/\/api.w.org\/{rel}","templated":true}]}}