{"id":3492,"date":"2020-01-10T09:28:07","date_gmt":"2020-01-10T12:28:07","guid":{"rendered":"http:\/\/oasisfm935.com\/site\/?p=3492"},"modified":"2020-01-10T09:29:48","modified_gmt":"2020-01-10T12:29:48","slug":"negocian-plan-para-otorgar-rebajas-de-100-por-kilo-de-carne-a-beneficiarios-de-la-tarjeta-alimentar","status":"publish","type":"post","link":"https:\/\/oasisfm935.com.ar\/site\/negocian-plan-para-otorgar-rebajas-de-100-por-kilo-de-carne-a-beneficiarios-de-la-tarjeta-alimentar\/","title":{"rendered":"Negocian plan para otorgar rebajas de $100 por kilo de carne a beneficiarios de la Tarjeta Alimentar"},"content":{"rendered":"<p>Representantes de la\u00a0<strong>cadena de ganados y carnes<\/strong>\u00a0present\u00f3 un proyecto denominado\u00a0<strong>\u201cPlan Potenciador\u201d<\/strong>, que tiene como objetivo otorgar beneficios adicionales a los titulares de las\u00a0<strong>Tarjetas Alimentar.<\/strong>\u00a0La idea es establecer\u00a0<strong>rebajas de 100 pesos en cada kilo de carne a los beneficiarios.<\/strong><\/p>\n<p>El proyecto fue presentado en una reuni\u00f3n entre empresarios y el equipo operativo del\u00a0Plan Argentina Contra el Hambre, cuya referente es\u00a0Victoria Tolosa Paz.<\/p>\n<p>La idea que se est\u00e1 analizando entre el sector p\u00fablico y privado consiste en que todos los eslabones de la cadena c\u00e1rnica realicen un\u00a0<strong>\u201caporte solidario\u201d<\/strong>\u00a0a partir de la participaci\u00f3n que tienen en el mercado para que se pueda trasladar\u00a0<strong>una baja de 100 pesos en el valor del kilo de carne a un volumen m\u00ednimo de 1.200 toneladas de carne, que ser\u00e1n comercializadas en 200 carnicer\u00edas solamente entre los beneficiarios del plan oficial.<\/strong><\/p>\n<p>Los titulares de las Tarjetas Alimentar que adquieran en bocas de expendio adheridas al plan, potenciar\u00e1n el dinero que el Estado acredit\u00f3 en sus tarjetas al momento de comprar carne.<\/p>\n<p>En relaci\u00f3n a los lugares de comercializaci\u00f3n, en la iniciativa de la cadena se pidi\u00f3 que haya una selecci\u00f3n que tenga como premisa el\u00a0<strong>\u201cenfoque federal\u00bb<\/strong>, para que haya un abastecimiento en el conurbano bonaerense y tambi\u00e9n en Rosario, C\u00f3rdoba y otros lugares del pa\u00eds.<\/p>\n<p>Los carniceros que formen parte de la red y tambi\u00e9n accedan a resignar parte de su ganancia, se sumar\u00e1n no solo por la solidaridad sino tambi\u00e9n por \u201cel inter\u00e9s en captar un volumen de ventas diferencial\u201d que antes no exist\u00eda.<\/p>\n<div class=\"oasis-despues-del-contenido\" id=\"oasis-2927069684\"><img loading=\"lazy\" decoding=\"async\" src=\"https:\/\/oasisfm935.com.ar\/site\/wp-content\/uploads\/2020\/08\/47806202-8741-49f2-a5c9-d2f930e5baa1.jpg\" alt=\"\"  srcset=\"https:\/\/oasisfm935.com.ar\/site\/wp-content\/uploads\/2020\/08\/47806202-8741-49f2-a5c9-d2f930e5baa1.jpg 1080w, https:\/\/oasisfm935.com.ar\/site\/wp-content\/uploads\/2020\/08\/47806202-8741-49f2-a5c9-d2f930e5baa1-300x300.jpg 300w, https:\/\/oasisfm935.com.ar\/site\/wp-content\/uploads\/2020\/08\/47806202-8741-49f2-a5c9-d2f930e5baa1-1024x1024.jpg 1024w, https:\/\/oasisfm935.com.ar\/site\/wp-content\/uploads\/2020\/08\/47806202-8741-49f2-a5c9-d2f930e5baa1-150x150.jpg 150w, https:\/\/oasisfm935.com.ar\/site\/wp-content\/uploads\/2020\/08\/47806202-8741-49f2-a5c9-d2f930e5baa1-768x768.jpg 768w\" sizes=\"(max-width: 1080px) 100vw, 1080px\" class=\"no-lazyload\" width=\"1080\" height=\"1080\"  style=\"display: inline-block;\" \/><\/div>","protected":false},"excerpt":{"rendered":"<p>Representantes de la\u00a0cadena de ganados y carnes\u00a0present\u00f3 un proyecto denominado\u00a0\u201cPlan Potenciador\u201d, que tiene como objetivo otorgar beneficios adicionales a los titulares de<\/p>\n","protected":false},"author":4,"featured_media":3493,"comment_status":"closed","ping_status":"open","sticky":false,"template":"","format":"standard","meta":{"colormag_page_layout":"default_layout","footnotes":""},"categories":[2],"tags":[],"class_list":["post-3492","post","type-post","status-publish","format-standard","has-post-thumbnail","hentry","category-noticias"],"_links":{"self":[{"href":"https:\/\/oasisfm935.com.ar\/site\/wp-json\/wp\/v2\/posts\/3492","targetHints":{"allow":["GET"]}}],"collection":[{"href":"https:\/\/oasisfm935.com.ar\/site\/wp-json\/wp\/v2\/posts"}],"about":[{"href":"https:\/\/oasisfm935.com.ar\/site\/wp-json\/wp\/v2\/types\/post"}],"author":[{"embeddable":true,"href":"https:\/\/oasisfm935.com.ar\/site\/wp-json\/wp\/v2\/users\/4"}],"replies":[{"embeddable":true,"href":"https:\/\/oasisfm935.com.ar\/site\/wp-json\/wp\/v2\/comments?post=3492"}],"version-history":[{"count":2,"href":"https:\/\/oasisfm935.com.ar\/site\/wp-json\/wp\/v2\/posts\/3492\/revisions"}],"predecessor-version":[{"id":3495,"href":"https:\/\/oasisfm935.com.ar\/site\/wp-json\/wp\/v2\/posts\/3492\/revisions\/3495"}],"wp:featuredmedia":[{"embeddable":true,"href":"https:\/\/oasisfm935.com.ar\/site\/wp-json\/wp\/v2\/media\/3493"}],"wp:attachment":[{"href":"https:\/\/oasisfm935.com.ar\/site\/wp-json\/wp\/v2\/media?parent=3492"}],"wp:term":[{"taxonomy":"category","embeddable":true,"href":"https:\/\/oasisfm935.com.ar\/site\/wp-json\/wp\/v2\/categories?post=3492"},{"taxonomy":"post_tag","embeddable":true,"href":"https:\/\/oasisfm935.com.ar\/site\/wp-json\/wp\/v2\/tags?post=3492"}],"curies":[{"name":"wp","href":"https:\/\/api.w.org\/{rel}","templated":true}]}}