{"id":350,"date":"2019-01-16T11:50:22","date_gmt":"2019-01-16T14:50:22","guid":{"rendered":"http:\/\/oasisfm935.com\/site\/?p=350"},"modified":"2019-01-16T11:50:22","modified_gmt":"2019-01-16T14:50:22","slug":"macri-admitio-que-no-pudo-terminar-los-jardines-y-pidio-auxilio-a-la-pampa","status":"publish","type":"post","link":"https:\/\/oasisfm935.com.ar\/site\/macri-admitio-que-no-pudo-terminar-los-jardines-y-pidio-auxilio-a-la-pampa\/","title":{"rendered":"Macri admiti\u00f3 que no pudo terminar los jardines y pidi\u00f3 auxilio a La Pampa"},"content":{"rendered":"<p>Los\u00a0<strong>jardines de infantes<\/strong>\u00a0que se iban a construir en La Pampa, de acuerdo a las promesas del presidente Mauricio Macri, no pudieron ser concluidos y las obras est\u00e1n abandonadas en Ingeniero Luiggi, Winifreda y General Pico.<\/p>\n<p>El jefe de Estado, en una reuni\u00f3n de ayer con el vicegobernador pampeano Mariano Fern\u00e1ndez en Puerto Madryn, admiti\u00f3 que no pudo cumplir su promesa y ahora sugiri\u00f3 que los jardines deber\u00edan ser concluidos por el Gobierno provincial.<\/p>\n<p><a href=\"http:\/\/oasisfm935.com\/site\/wp-content\/uploads\/2019\/01\/jardin-luiggi.jpg\"><img loading=\"lazy\" decoding=\"async\" class=\"alignnone size-medium wp-image-352\" src=\"http:\/\/oasisfm935.com\/site\/wp-content\/uploads\/2019\/01\/jardin-luiggi-300x225.jpg\" alt=\"\" width=\"300\" height=\"225\" srcset=\"https:\/\/oasisfm935.com.ar\/site\/wp-content\/uploads\/2019\/01\/jardin-luiggi-300x225.jpg 300w, https:\/\/oasisfm935.com.ar\/site\/wp-content\/uploads\/2019\/01\/jardin-luiggi-768x576.jpg 768w, https:\/\/oasisfm935.com.ar\/site\/wp-content\/uploads\/2019\/01\/jardin-luiggi-678x509.jpg 678w, https:\/\/oasisfm935.com.ar\/site\/wp-content\/uploads\/2019\/01\/jardin-luiggi-326x245.jpg 326w, https:\/\/oasisfm935.com.ar\/site\/wp-content\/uploads\/2019\/01\/jardin-luiggi-80x60.jpg 80w, https:\/\/oasisfm935.com.ar\/site\/wp-content\/uploads\/2019\/01\/jardin-luiggi.jpg 960w\" sizes=\"auto, (max-width: 300px) 100vw, 300px\" \/><\/a><\/p>\n<p>&nbsp;<\/p>\n<p>Macri hab\u00eda encabezado en 2016 un acto en la localidad de Ingeniero Luiggi, para lanzar el Plan Nacional de Jardines de Infantes para los ni\u00f1os de 3 a\u00f1os que preve\u00eda la construcci\u00f3n y apertura de 3 mil establecimientos escolares en todo el pa\u00eds. De ese anuncio qued\u00f3 poco y nada.<\/p>\n<p>&nbsp;<\/p>\n<p>Reclamamos por la construcci\u00f3n de los jardines de infantes, que \u00e9l prometi\u00f3 ac\u00e1\u201d, dijo Fern\u00e1ndez. \u201cLe record\u00e9, con el respeto que se merece su investidura, que hab\u00eda dicho que\u00a0<strong>\u2018obra que se iniciaba, obra que se terminaba\u2019<\/strong>. La respuesta fue que\u00a0<strong>en algunas provincias est\u00e1n gestionando para que las provincias culminen esas obras. Por supuesto que eso fue informado a la ministra de Educaci\u00f3n (Mar\u00eda Garello) para que se puedan culminar<\/strong>\u201d, expres\u00f3.<\/p>\n<div class=\"oasis-despues-del-contenido\" id=\"oasis-3303758647\"><img loading=\"lazy\" decoding=\"async\" src=\"https:\/\/oasisfm935.com.ar\/site\/wp-content\/uploads\/2020\/08\/47806202-8741-49f2-a5c9-d2f930e5baa1.jpg\" alt=\"\"  srcset=\"https:\/\/oasisfm935.com.ar\/site\/wp-content\/uploads\/2020\/08\/47806202-8741-49f2-a5c9-d2f930e5baa1.jpg 1080w, https:\/\/oasisfm935.com.ar\/site\/wp-content\/uploads\/2020\/08\/47806202-8741-49f2-a5c9-d2f930e5baa1-300x300.jpg 300w, https:\/\/oasisfm935.com.ar\/site\/wp-content\/uploads\/2020\/08\/47806202-8741-49f2-a5c9-d2f930e5baa1-1024x1024.jpg 1024w, https:\/\/oasisfm935.com.ar\/site\/wp-content\/uploads\/2020\/08\/47806202-8741-49f2-a5c9-d2f930e5baa1-150x150.jpg 150w, https:\/\/oasisfm935.com.ar\/site\/wp-content\/uploads\/2020\/08\/47806202-8741-49f2-a5c9-d2f930e5baa1-768x768.jpg 768w\" sizes=\"(max-width: 1080px) 100vw, 1080px\" class=\"no-lazyload\" width=\"1080\" height=\"1080\"  style=\"display: inline-block;\" \/><\/div>","protected":false},"excerpt":{"rendered":"<p>Los\u00a0jardines de infantes\u00a0que se iban a construir en La Pampa, de acuerdo a las promesas del presidente Mauricio Macri, no pudieron ser<\/p>\n","protected":false},"author":4,"featured_media":351,"comment_status":"closed","ping_status":"open","sticky":false,"template":"","format":"standard","meta":{"colormag_page_layout":"default_layout","footnotes":""},"categories":[2],"tags":[],"class_list":["post-350","post","type-post","status-publish","format-standard","has-post-thumbnail","hentry","category-noticias"],"_links":{"self":[{"href":"https:\/\/oasisfm935.com.ar\/site\/wp-json\/wp\/v2\/posts\/350","targetHints":{"allow":["GET"]}}],"collection":[{"href":"https:\/\/oasisfm935.com.ar\/site\/wp-json\/wp\/v2\/posts"}],"about":[{"href":"https:\/\/oasisfm935.com.ar\/site\/wp-json\/wp\/v2\/types\/post"}],"author":[{"embeddable":true,"href":"https:\/\/oasisfm935.com.ar\/site\/wp-json\/wp\/v2\/users\/4"}],"replies":[{"embeddable":true,"href":"https:\/\/oasisfm935.com.ar\/site\/wp-json\/wp\/v2\/comments?post=350"}],"version-history":[{"count":1,"href":"https:\/\/oasisfm935.com.ar\/site\/wp-json\/wp\/v2\/posts\/350\/revisions"}],"predecessor-version":[{"id":353,"href":"https:\/\/oasisfm935.com.ar\/site\/wp-json\/wp\/v2\/posts\/350\/revisions\/353"}],"wp:featuredmedia":[{"embeddable":true,"href":"https:\/\/oasisfm935.com.ar\/site\/wp-json\/wp\/v2\/media\/351"}],"wp:attachment":[{"href":"https:\/\/oasisfm935.com.ar\/site\/wp-json\/wp\/v2\/media?parent=350"}],"wp:term":[{"taxonomy":"category","embeddable":true,"href":"https:\/\/oasisfm935.com.ar\/site\/wp-json\/wp\/v2\/categories?post=350"},{"taxonomy":"post_tag","embeddable":true,"href":"https:\/\/oasisfm935.com.ar\/site\/wp-json\/wp\/v2\/tags?post=350"}],"curies":[{"name":"wp","href":"https:\/\/api.w.org\/{rel}","templated":true}]}}