{"id":354,"date":"2019-01-16T14:31:15","date_gmt":"2019-01-16T17:31:15","guid":{"rendered":"http:\/\/oasisfm935.com\/site\/?p=354"},"modified":"2019-01-16T14:32:18","modified_gmt":"2019-01-16T17:32:18","slug":"alerta-meteorologico-para-la-pampa","status":"publish","type":"post","link":"https:\/\/oasisfm935.com.ar\/site\/alerta-meteorologico-para-la-pampa\/","title":{"rendered":"Alerta  Meteorol\u00f3gico para la Pampa"},"content":{"rendered":"<p><a class=\"_58cn\" href=\"https:\/\/www.facebook.com\/hashtag\/alerta?source=feed_text&amp;epa=HASHTAG&amp;__xts__%5B0%5D=68.ARBWqt5G38pjUeTSU-Mpn8h-Pn3-4XL1Is1Uy1sGqWY12AvSIxfdFYUppghgm3mZ1DOYZ0D6xC6N7pOuvMf1Z25MOFSR-3oNNH8KukPNVNcBW3fB-Ih47H84ke5sR3UrJfhm71sXNCxhk3MXcLr7Fvg_9d7Xt_Zor_EK2gmee5gy9ck-EqBSFghGCazxf3obeR1wbu1r1mnQu32Nsf8euur3uM2cR5cP4Jwu4VWlUyE9u-fEimFziFMotNwg1t6dSJxpWppDR7rUWMtrtFyduGKa5wOIbX-r4pYTgkRsd3m391epR0NRIhAAMpzO4vV3eCdzfbY3JLSpEpnr5Qt7BBFqIa9F&amp;__tn__=%2ANK-R\" data-ft=\"{&quot;type&quot;:104,&quot;tn&quot;:&quot;*N&quot;}\"><span class=\"_5afx\"><span class=\"_58cm\">ALERTA<\/span><\/span><\/a>\u00a0Meteorol\u00f3gico del\u00a0<a class=\"profileLink\" href=\"https:\/\/www.facebook.com\/SMN-Argentina-129586803807185\/?__tn__=K-R&amp;eid=ARCdaByFGFTHx_kFRFxXa7pYH8WhPVz6WPJqFHct-pV55PpsZ7IweSWoR765gFg8VnYklk465Me6AsbV&amp;fref=mentions&amp;__xts__%5B0%5D=68.ARBWqt5G38pjUeTSU-Mpn8h-Pn3-4XL1Is1Uy1sGqWY12AvSIxfdFYUppghgm3mZ1DOYZ0D6xC6N7pOuvMf1Z25MOFSR-3oNNH8KukPNVNcBW3fB-Ih47H84ke5sR3UrJfhm71sXNCxhk3MXcLr7Fvg_9d7Xt_Zor_EK2gmee5gy9ck-EqBSFghGCazxf3obeR1wbu1r1mnQu32Nsf8euur3uM2cR5cP4Jwu4VWlUyE9u-fEimFziFMotNwg1t6dSJxpWppDR7rUWMtrtFyduGKa5wOIbX-r4pYTgkRsd3m391epR0NRIhAAMpzO4vV3eCdzfbY3JLSpEpnr5Qt7BBFqIa9F\" data-hovercard=\"\/ajax\/hovercard\/page.php?id=129586803807185&amp;extragetparams=%7B%22__tn__%22%3A%22%2CdK-R-R%22%2C%22eid%22%3A%22ARCdaByFGFTHx_kFRFxXa7pYH8WhPVz6WPJqFHct-pV55PpsZ7IweSWoR765gFg8VnYklk465Me6AsbV%22%2C%22fref%22%3A%22mentions%22%7D\" data-hovercard-prefer-more-content-show=\"1\">SMN Argentina<\/a>\u00a0por TORMENTAS INTENSAS para centro y norte de La Pampa; noroeste, centro y sur de la provincia de Buenos Aires; sur de C\u00f3rdoba; centro y este de Mendoza y San Luis.<br \/>\n\u00abSe espera que a partir de la tarde de hoy mi\u00e9rcoles 16 comiencen a desarrollarse tormentas, de las cuales podr\u00e1n ser localmente intensas, pudiendo estar acompa\u00f1adas de fuerte actividad el\u00e9ctrica, ocasional ca\u00edda de granizo. Abundante ca\u00edda de agua en cortos per\u00edodos y fundamentalmente intensas r\u00e1fagas.<br \/>\nEstas condiciones tender\u00e1n a mejorar de sur a norte de la regi\u00f3n, a partir de la madrugada del jueves 17.\u00bb<\/p>\n<div class=\"oasis-despues-del-contenido\" id=\"oasis-4206398078\"><img loading=\"lazy\" decoding=\"async\" src=\"https:\/\/oasisfm935.com.ar\/site\/wp-content\/uploads\/2020\/08\/47806202-8741-49f2-a5c9-d2f930e5baa1.jpg\" alt=\"\"  srcset=\"https:\/\/oasisfm935.com.ar\/site\/wp-content\/uploads\/2020\/08\/47806202-8741-49f2-a5c9-d2f930e5baa1.jpg 1080w, https:\/\/oasisfm935.com.ar\/site\/wp-content\/uploads\/2020\/08\/47806202-8741-49f2-a5c9-d2f930e5baa1-300x300.jpg 300w, https:\/\/oasisfm935.com.ar\/site\/wp-content\/uploads\/2020\/08\/47806202-8741-49f2-a5c9-d2f930e5baa1-1024x1024.jpg 1024w, https:\/\/oasisfm935.com.ar\/site\/wp-content\/uploads\/2020\/08\/47806202-8741-49f2-a5c9-d2f930e5baa1-150x150.jpg 150w, https:\/\/oasisfm935.com.ar\/site\/wp-content\/uploads\/2020\/08\/47806202-8741-49f2-a5c9-d2f930e5baa1-768x768.jpg 768w\" sizes=\"(max-width: 1080px) 100vw, 1080px\" class=\"no-lazyload\" width=\"1080\" height=\"1080\"  style=\"display: inline-block;\" \/><\/div>","protected":false},"excerpt":{"rendered":"<p>ALERTA\u00a0Meteorol\u00f3gico del\u00a0SMN Argentina\u00a0por TORMENTAS INTENSAS para centro y norte de La Pampa; noroeste, centro y sur de la provincia de Buenos Aires;<\/p>\n","protected":false},"author":4,"featured_media":304,"comment_status":"closed","ping_status":"open","sticky":false,"template":"","format":"standard","meta":{"colormag_page_layout":"default_layout","footnotes":""},"categories":[2],"tags":[],"class_list":["post-354","post","type-post","status-publish","format-standard","has-post-thumbnail","hentry","category-noticias"],"_links":{"self":[{"href":"https:\/\/oasisfm935.com.ar\/site\/wp-json\/wp\/v2\/posts\/354","targetHints":{"allow":["GET"]}}],"collection":[{"href":"https:\/\/oasisfm935.com.ar\/site\/wp-json\/wp\/v2\/posts"}],"about":[{"href":"https:\/\/oasisfm935.com.ar\/site\/wp-json\/wp\/v2\/types\/post"}],"author":[{"embeddable":true,"href":"https:\/\/oasisfm935.com.ar\/site\/wp-json\/wp\/v2\/users\/4"}],"replies":[{"embeddable":true,"href":"https:\/\/oasisfm935.com.ar\/site\/wp-json\/wp\/v2\/comments?post=354"}],"version-history":[{"count":2,"href":"https:\/\/oasisfm935.com.ar\/site\/wp-json\/wp\/v2\/posts\/354\/revisions"}],"predecessor-version":[{"id":356,"href":"https:\/\/oasisfm935.com.ar\/site\/wp-json\/wp\/v2\/posts\/354\/revisions\/356"}],"wp:featuredmedia":[{"embeddable":true,"href":"https:\/\/oasisfm935.com.ar\/site\/wp-json\/wp\/v2\/media\/304"}],"wp:attachment":[{"href":"https:\/\/oasisfm935.com.ar\/site\/wp-json\/wp\/v2\/media?parent=354"}],"wp:term":[{"taxonomy":"category","embeddable":true,"href":"https:\/\/oasisfm935.com.ar\/site\/wp-json\/wp\/v2\/categories?post=354"},{"taxonomy":"post_tag","embeddable":true,"href":"https:\/\/oasisfm935.com.ar\/site\/wp-json\/wp\/v2\/tags?post=354"}],"curies":[{"name":"wp","href":"https:\/\/api.w.org\/{rel}","templated":true}]}}