{"id":3555,"date":"2020-01-22T16:23:00","date_gmt":"2020-01-22T19:23:00","guid":{"rendered":"http:\/\/oasisfm935.com\/site\/?p=3555"},"modified":"2020-01-22T16:23:00","modified_gmt":"2020-01-22T19:23:00","slug":"tarjeta-alimentaria-garantizan-el-precio-del-pan-a-65-pesos","status":"publish","type":"post","link":"https:\/\/oasisfm935.com.ar\/site\/tarjeta-alimentaria-garantizan-el-precio-del-pan-a-65-pesos\/","title":{"rendered":"Tarjeta alimentaria: garantizan el precio del pan a 65 pesos"},"content":{"rendered":"<p>Hubo acuerdo entre las c\u00e1maras empresarias.\u00a0<strong>La C\u00e1mara de Panaderos de La Pampa se sum\u00f3 a la iniciativa.\u00a0<\/strong><\/p>\n<p>El acuerdo firmado con Victoria Tolosa Paz abarca a todo el pa\u00eds y se ir\u00e1 implementando en cada regi\u00f3n a medida que se repartan los pl\u00e1sticos de la Tarjeta Alementaria y el costo del pan para sus beneficiarios ser\u00e1 de 65 pesos.<\/p>\n<p>As\u00ed lo confirm\u00f3 el titular de la entidad panaderil Gast\u00f3n Mora quien celebr\u00f3 que \u00abdespu\u00e9s de cuatro a\u00f1os se puede dar una buena noticia\u00bb. A La Pampa todav\u00eda no llegaron las Tarjetas Alimentarias. Est\u00e1 previsto para el mes de febrero.<\/p>\n<p>La Federaci\u00f3n Argentina de la Industria del Pan (FAIPA) hab\u00eda puesto en duda el acuerdo como consecuencia del aumento de la bolsa de harina en un 20 por ciento. Al respecto, Mora cont\u00f3 que se est\u00e1 trabajando con el Ministerio de Producci\u00f3n sobre el incremento de ese insumo b\u00e1sico.<\/p>\n<p>FAIPA cedi\u00f3 ante el pedido de las organizaciones cooperativistas de panaderos y dej\u00f3 los reparos de lado para dar lugar al acuerdo que se enmarca en el programa contra el hambre que impulsa el gobierno de Alberto Fern\u00e1ndez.<\/p>\n<p>La C\u00e1mara de Panaderos de La Pampa se sum\u00f3 tambi\u00e9n a ese precio siempre que el valor de la bolsa de harina no aumente.<\/p>\n<div class=\"oasis-despues-del-contenido\" id=\"oasis-1153313115\"><img loading=\"lazy\" decoding=\"async\" src=\"https:\/\/oasisfm935.com.ar\/site\/wp-content\/uploads\/2020\/08\/47806202-8741-49f2-a5c9-d2f930e5baa1.jpg\" alt=\"\"  srcset=\"https:\/\/oasisfm935.com.ar\/site\/wp-content\/uploads\/2020\/08\/47806202-8741-49f2-a5c9-d2f930e5baa1.jpg 1080w, https:\/\/oasisfm935.com.ar\/site\/wp-content\/uploads\/2020\/08\/47806202-8741-49f2-a5c9-d2f930e5baa1-300x300.jpg 300w, https:\/\/oasisfm935.com.ar\/site\/wp-content\/uploads\/2020\/08\/47806202-8741-49f2-a5c9-d2f930e5baa1-1024x1024.jpg 1024w, https:\/\/oasisfm935.com.ar\/site\/wp-content\/uploads\/2020\/08\/47806202-8741-49f2-a5c9-d2f930e5baa1-150x150.jpg 150w, https:\/\/oasisfm935.com.ar\/site\/wp-content\/uploads\/2020\/08\/47806202-8741-49f2-a5c9-d2f930e5baa1-768x768.jpg 768w\" sizes=\"(max-width: 1080px) 100vw, 1080px\" class=\"no-lazyload\" width=\"1080\" height=\"1080\"  style=\"display: inline-block;\" \/><\/div>","protected":false},"excerpt":{"rendered":"<p>Hubo acuerdo entre las c\u00e1maras empresarias.\u00a0La C\u00e1mara de Panaderos de La Pampa se sum\u00f3 a la iniciativa.\u00a0 El acuerdo firmado con Victoria<\/p>\n","protected":false},"author":4,"featured_media":3556,"comment_status":"closed","ping_status":"open","sticky":false,"template":"","format":"standard","meta":{"colormag_page_layout":"default_layout","footnotes":""},"categories":[2],"tags":[],"class_list":["post-3555","post","type-post","status-publish","format-standard","has-post-thumbnail","hentry","category-noticias"],"_links":{"self":[{"href":"https:\/\/oasisfm935.com.ar\/site\/wp-json\/wp\/v2\/posts\/3555","targetHints":{"allow":["GET"]}}],"collection":[{"href":"https:\/\/oasisfm935.com.ar\/site\/wp-json\/wp\/v2\/posts"}],"about":[{"href":"https:\/\/oasisfm935.com.ar\/site\/wp-json\/wp\/v2\/types\/post"}],"author":[{"embeddable":true,"href":"https:\/\/oasisfm935.com.ar\/site\/wp-json\/wp\/v2\/users\/4"}],"replies":[{"embeddable":true,"href":"https:\/\/oasisfm935.com.ar\/site\/wp-json\/wp\/v2\/comments?post=3555"}],"version-history":[{"count":1,"href":"https:\/\/oasisfm935.com.ar\/site\/wp-json\/wp\/v2\/posts\/3555\/revisions"}],"predecessor-version":[{"id":3557,"href":"https:\/\/oasisfm935.com.ar\/site\/wp-json\/wp\/v2\/posts\/3555\/revisions\/3557"}],"wp:featuredmedia":[{"embeddable":true,"href":"https:\/\/oasisfm935.com.ar\/site\/wp-json\/wp\/v2\/media\/3556"}],"wp:attachment":[{"href":"https:\/\/oasisfm935.com.ar\/site\/wp-json\/wp\/v2\/media?parent=3555"}],"wp:term":[{"taxonomy":"category","embeddable":true,"href":"https:\/\/oasisfm935.com.ar\/site\/wp-json\/wp\/v2\/categories?post=3555"},{"taxonomy":"post_tag","embeddable":true,"href":"https:\/\/oasisfm935.com.ar\/site\/wp-json\/wp\/v2\/tags?post=3555"}],"curies":[{"name":"wp","href":"https:\/\/api.w.org\/{rel}","templated":true}]}}