{"id":3568,"date":"2020-01-25T10:08:57","date_gmt":"2020-01-25T13:08:57","guid":{"rendered":"http:\/\/oasisfm935.com\/site\/?p=3568"},"modified":"2020-01-25T10:12:26","modified_gmt":"2020-01-25T13:12:26","slug":"coparticipacion-intendentes-meten-presion-y-el-oficialismo-promete-escucharlos","status":"publish","type":"post","link":"https:\/\/oasisfm935.com.ar\/site\/coparticipacion-intendentes-meten-presion-y-el-oficialismo-promete-escucharlos\/","title":{"rendered":"Coparticipaci\u00f3n: intendentes meten presi\u00f3n y el oficialismo promete escucharlos"},"content":{"rendered":"<p>&nbsp;<\/p>\n<p><strong>Oscar Zanoli, ex jefe comunal de Luiggi y diputado clave en el bloque del PJ<\/strong>, dijo que la ley \u201ctiene que salir del consenso\u00a0con todos los jefes comunales\u201d. \u201cTenemos que olvidarnos de las diferencias partidarias y realmente darle un tratamiento serio porque son leyes muy importantes\u201d, advirti\u00f3.<\/p>\n<p>El diputado del FREJUPA Oscar Zanoli se refiri\u00f3 al proyecto de ley de coparticipaci\u00f3n que comenzar\u00e1 a tratarse en el mes de febrero, seg\u00fan anunci\u00f3 el gobernador Sergio Ziliotto. Destac\u00f3 que \u201crequiere un debate serio\u201d y que la ley \u201ctiene que salir del consenso con todos los jefes comunales\u201d.<\/p>\n<p>El exintendente de Ingeniero Luiggi dialog\u00f3 con el portal Zonal Noticias y sobre el proyecto de ley de coparticipaci\u00f3n expres\u00f3: \u201cCreo que es un proyecto interesante que va a ingresar para su tratamiento el lunes 3 de febrero. Coincido con otros integrantes de la C\u00e1mara en que vamos a tener que dar un debate serio, transparente y, sobre todo, consultando a todos los intendentes\u201d. Y agreg\u00f3: \u201cA criterio m\u00edo, es una ley que tiene que salir del consenso con todos los jefes comunales\u201d.<\/p>\n<p>El legislador explic\u00f3 que \u201cdonde m\u00e1s ruido se genera y que m\u00e1s incide en la coparticipaci\u00f3n de los municipios, es el 40% sobre la base de los recursos propios percibidos, y ac\u00e1 entran a jugar los recursos ordinarios y extraordinarios\u201d. Y aclar\u00f3: \u201cEn algunos pueblos donde el privado no invierte en determinado negocio y lo termina haciendo la Municipalidad para dar respuesta a esa necesidad, esto hace que aumente su masa coparticipable en relaci\u00f3n a otros municipios que no lo tienen\u201d.<\/p>\n<p>Zanoli consider\u00f3 que el tema en cuesti\u00f3n \u201ces complejo y requiere un intenso debate porque un punto que suma un municipio es un punto que se le saca al resto de los municipios\u201d. Expres\u00f3 adem\u00e1s que \u201ces una ley que s\u00ed o s\u00ed necesita un tratamiento largo y con el mejor de los criterios de todos: de los legisladores y de los intendentes\u201d.<\/p>\n<p><strong>\u201cDistribuci\u00f3n federal\u201d<\/strong><\/p>\n<p>El diputado del PJ manifest\u00f3 que \u201clo que tenemos que lograr es tener una distribuci\u00f3n democr\u00e1tica, federal, solidaria de estos recursos, creo que ac\u00e1 est\u00e1 el punto m\u00e1s delicado\u201d. Record\u00f3 que \u201cla ley actual, si no me equivoco, es del a\u00f1o 1988 o 1989, tiene m\u00e1s de 30 a\u00f1os. A mi criterio, es una de las mejores leyes en el pa\u00eds, pero el mundo ha cambiado y hoy necesita ser actualizada\u201d.<\/p>\n<p>D\u00edas atr\u00e1s, el gobernador Ziliotto convoc\u00f3 a los presidentes de los bloques de Diputados y acordaron el llamado a sesiones extraordinarias para avanzar en febrero en proyectos de ley centrales como una nueva Ley de Coparticipaci\u00f3n y de Agroqu\u00edmicos. Dichos proyectos ser\u00e1n presentados el 3 de febrero y la extraordinaria fue convocada para el 5 del mismo mes.<\/p>\n<p>\u201cMe pareci\u00f3 positiva la reuni\u00f3n del gobernador con los jefes de bloques. Todos entendieron que tanto la coparticipaci\u00f3n como los agroqu\u00edmicos son temas serios. Tenemos que olvidarnos de las diferencias partidarias y realmente darle un tratamiento serio porque son leyes muy importantes\u201d, concluy\u00f3 Oscar Zanoli.<\/p>\n<div class=\"oasis-despues-del-contenido\" id=\"oasis-3354767137\"><img loading=\"lazy\" decoding=\"async\" src=\"https:\/\/oasisfm935.com.ar\/site\/wp-content\/uploads\/2020\/08\/47806202-8741-49f2-a5c9-d2f930e5baa1.jpg\" alt=\"\"  srcset=\"https:\/\/oasisfm935.com.ar\/site\/wp-content\/uploads\/2020\/08\/47806202-8741-49f2-a5c9-d2f930e5baa1.jpg 1080w, https:\/\/oasisfm935.com.ar\/site\/wp-content\/uploads\/2020\/08\/47806202-8741-49f2-a5c9-d2f930e5baa1-300x300.jpg 300w, https:\/\/oasisfm935.com.ar\/site\/wp-content\/uploads\/2020\/08\/47806202-8741-49f2-a5c9-d2f930e5baa1-1024x1024.jpg 1024w, https:\/\/oasisfm935.com.ar\/site\/wp-content\/uploads\/2020\/08\/47806202-8741-49f2-a5c9-d2f930e5baa1-150x150.jpg 150w, https:\/\/oasisfm935.com.ar\/site\/wp-content\/uploads\/2020\/08\/47806202-8741-49f2-a5c9-d2f930e5baa1-768x768.jpg 768w\" sizes=\"(max-width: 1080px) 100vw, 1080px\" class=\"no-lazyload\" width=\"1080\" height=\"1080\"  style=\"display: inline-block;\" \/><\/div>","protected":false},"excerpt":{"rendered":"<p>&nbsp; Oscar Zanoli, ex jefe comunal de Luiggi y diputado clave en el bloque del PJ, dijo que la ley \u201ctiene que<\/p>\n","protected":false},"author":4,"featured_media":3572,"comment_status":"closed","ping_status":"open","sticky":false,"template":"","format":"standard","meta":{"colormag_page_layout":"default_layout","footnotes":""},"categories":[2],"tags":[],"class_list":["post-3568","post","type-post","status-publish","format-standard","has-post-thumbnail","hentry","category-noticias"],"_links":{"self":[{"href":"https:\/\/oasisfm935.com.ar\/site\/wp-json\/wp\/v2\/posts\/3568","targetHints":{"allow":["GET"]}}],"collection":[{"href":"https:\/\/oasisfm935.com.ar\/site\/wp-json\/wp\/v2\/posts"}],"about":[{"href":"https:\/\/oasisfm935.com.ar\/site\/wp-json\/wp\/v2\/types\/post"}],"author":[{"embeddable":true,"href":"https:\/\/oasisfm935.com.ar\/site\/wp-json\/wp\/v2\/users\/4"}],"replies":[{"embeddable":true,"href":"https:\/\/oasisfm935.com.ar\/site\/wp-json\/wp\/v2\/comments?post=3568"}],"version-history":[{"count":1,"href":"https:\/\/oasisfm935.com.ar\/site\/wp-json\/wp\/v2\/posts\/3568\/revisions"}],"predecessor-version":[{"id":3571,"href":"https:\/\/oasisfm935.com.ar\/site\/wp-json\/wp\/v2\/posts\/3568\/revisions\/3571"}],"wp:featuredmedia":[{"embeddable":true,"href":"https:\/\/oasisfm935.com.ar\/site\/wp-json\/wp\/v2\/media\/3572"}],"wp:attachment":[{"href":"https:\/\/oasisfm935.com.ar\/site\/wp-json\/wp\/v2\/media?parent=3568"}],"wp:term":[{"taxonomy":"category","embeddable":true,"href":"https:\/\/oasisfm935.com.ar\/site\/wp-json\/wp\/v2\/categories?post=3568"},{"taxonomy":"post_tag","embeddable":true,"href":"https:\/\/oasisfm935.com.ar\/site\/wp-json\/wp\/v2\/tags?post=3568"}],"curies":[{"name":"wp","href":"https:\/\/api.w.org\/{rel}","templated":true}]}}