{"id":3573,"date":"2020-01-26T13:16:41","date_gmt":"2020-01-26T16:16:41","guid":{"rendered":"http:\/\/oasisfm935.com\/site\/?p=3573"},"modified":"2020-01-26T13:16:41","modified_gmt":"2020-01-26T16:16:41","slug":"los-palmeras-con-la-banda-sinfonica-de-la-pampa","status":"publish","type":"post","link":"https:\/\/oasisfm935.com.ar\/site\/los-palmeras-con-la-banda-sinfonica-de-la-pampa\/","title":{"rendered":"\u00bfLos Palmeras con la Banda Sinf\u00f3nica de La Pampa?"},"content":{"rendered":"<p>&nbsp;<\/p>\n<div class=\"td-post-header\">\n<header class=\"td-post-title\">\n<p class=\"td-post-sub-title\">GESTIONAN PRESENTACION EN SANTA ROSA<\/p>\n<\/header>\n<\/div>\n<div class=\"td-post-content\">\n<p>Autoridades provinciales iniciaron las gestiones para que \u00abLos Palmeras\u00bb se presenten en Santa Rosa, en un espect\u00e1culo con la Banda Sinf\u00f3nica de la provincia, en el marco del cierre de la Feria de la M\u00fasica que se realizar\u00e1 en noviembre en el Centro Cultural Medasur.<br \/>\nEl primer contacto se realiz\u00f3 d\u00edas atr\u00e1s, cuando el conjunto santafesino se present\u00f3 en la \u00abFiesta Provincial de la Barda 2020\u00bb, realizada el \u00faltimo s\u00e1bado en la localidad de La Adela. All\u00ed, \u00abLos Palmeras\u00bb cantaron ante unas 10 mil personas todos sus \u00e9xitos, entre ellos la viralizada y pegadiza canci\u00f3n dedicada al Club Atl\u00e9tico Col\u00f3n de Santa Fe, que se populariz\u00f3 en la previa de la final de la Copa Sudamericana. En este caso, ante una enfervorizada multitud, hasta cambiaron el estribillo \u00absabalero\u00bb al son de \u00abAee\u00e1, yo soy de La Adela\u00bb.<br \/>\nAhora, teniendo en cuenta el antecedente del \u00faltimo trabajo discogr\u00e1fico del grupo, que incluy\u00f3 nuevas versiones de sus m\u00e1s conocidos temas grabados con la Orquesta Filarm\u00f3nica de Santa Fe, es que la idea que surgi\u00f3 fue la de invitarlos a presentarse en Santa Rosa compartiendo espect\u00e1culo con la Banda Sinf\u00f3nica de La Pampa. \u00abEs nuestra ilusi\u00f3n, sabemos que es una gesti\u00f3n dif\u00edcil, pero la vamos a intentar con todas las ganas\u00bb, aseguraron desde el gobierno provincial.<\/p>\n<\/div>\n<div class=\"oasis-despues-del-contenido\" id=\"oasis-3107835313\"><img loading=\"lazy\" decoding=\"async\" src=\"https:\/\/oasisfm935.com.ar\/site\/wp-content\/uploads\/2020\/08\/47806202-8741-49f2-a5c9-d2f930e5baa1.jpg\" alt=\"\"  srcset=\"https:\/\/oasisfm935.com.ar\/site\/wp-content\/uploads\/2020\/08\/47806202-8741-49f2-a5c9-d2f930e5baa1.jpg 1080w, https:\/\/oasisfm935.com.ar\/site\/wp-content\/uploads\/2020\/08\/47806202-8741-49f2-a5c9-d2f930e5baa1-300x300.jpg 300w, https:\/\/oasisfm935.com.ar\/site\/wp-content\/uploads\/2020\/08\/47806202-8741-49f2-a5c9-d2f930e5baa1-1024x1024.jpg 1024w, https:\/\/oasisfm935.com.ar\/site\/wp-content\/uploads\/2020\/08\/47806202-8741-49f2-a5c9-d2f930e5baa1-150x150.jpg 150w, https:\/\/oasisfm935.com.ar\/site\/wp-content\/uploads\/2020\/08\/47806202-8741-49f2-a5c9-d2f930e5baa1-768x768.jpg 768w\" sizes=\"(max-width: 1080px) 100vw, 1080px\" class=\"no-lazyload\" width=\"1080\" height=\"1080\"  style=\"display: inline-block;\" \/><\/div>","protected":false},"excerpt":{"rendered":"<p>&nbsp; GESTIONAN PRESENTACION EN SANTA ROSA Autoridades provinciales iniciaron las gestiones para que \u00abLos Palmeras\u00bb se presenten en Santa Rosa, en un<\/p>\n","protected":false},"author":4,"featured_media":3574,"comment_status":"closed","ping_status":"open","sticky":false,"template":"","format":"standard","meta":{"colormag_page_layout":"default_layout","footnotes":""},"categories":[2],"tags":[],"class_list":["post-3573","post","type-post","status-publish","format-standard","has-post-thumbnail","hentry","category-noticias"],"_links":{"self":[{"href":"https:\/\/oasisfm935.com.ar\/site\/wp-json\/wp\/v2\/posts\/3573","targetHints":{"allow":["GET"]}}],"collection":[{"href":"https:\/\/oasisfm935.com.ar\/site\/wp-json\/wp\/v2\/posts"}],"about":[{"href":"https:\/\/oasisfm935.com.ar\/site\/wp-json\/wp\/v2\/types\/post"}],"author":[{"embeddable":true,"href":"https:\/\/oasisfm935.com.ar\/site\/wp-json\/wp\/v2\/users\/4"}],"replies":[{"embeddable":true,"href":"https:\/\/oasisfm935.com.ar\/site\/wp-json\/wp\/v2\/comments?post=3573"}],"version-history":[{"count":1,"href":"https:\/\/oasisfm935.com.ar\/site\/wp-json\/wp\/v2\/posts\/3573\/revisions"}],"predecessor-version":[{"id":3575,"href":"https:\/\/oasisfm935.com.ar\/site\/wp-json\/wp\/v2\/posts\/3573\/revisions\/3575"}],"wp:featuredmedia":[{"embeddable":true,"href":"https:\/\/oasisfm935.com.ar\/site\/wp-json\/wp\/v2\/media\/3574"}],"wp:attachment":[{"href":"https:\/\/oasisfm935.com.ar\/site\/wp-json\/wp\/v2\/media?parent=3573"}],"wp:term":[{"taxonomy":"category","embeddable":true,"href":"https:\/\/oasisfm935.com.ar\/site\/wp-json\/wp\/v2\/categories?post=3573"},{"taxonomy":"post_tag","embeddable":true,"href":"https:\/\/oasisfm935.com.ar\/site\/wp-json\/wp\/v2\/tags?post=3573"}],"curies":[{"name":"wp","href":"https:\/\/api.w.org\/{rel}","templated":true}]}}