{"id":3576,"date":"2020-01-26T13:25:03","date_gmt":"2020-01-26T16:25:03","guid":{"rendered":"http:\/\/oasisfm935.com\/site\/?p=3576"},"modified":"2020-01-26T13:25:03","modified_gmt":"2020-01-26T16:25:03","slug":"el-subsecretario-de-cooperativas-fabian-bruna-visito-ingeniero-luiggi","status":"publish","type":"post","link":"https:\/\/oasisfm935.com.ar\/site\/el-subsecretario-de-cooperativas-fabian-bruna-visito-ingeniero-luiggi\/","title":{"rendered":"El subsecretario de Cooperativas, Fabi\u00e1n Bruna, visit\u00f3 Ingeniero Luiggi."},"content":{"rendered":"<p>&nbsp;<\/p>\n<p>En la ma\u00f1ana del d\u00eda viernes , el subsecretario de Cooperativa, Fabi\u00e1n Bruna, mantuvo un encuentro con autoridades municipales y de las cooperativas de Ingeniero Luiggi.<br \/>\nPrimeramente se reuni\u00f3 Bruna mantuvo una reuni\u00f3n en el municipio, recibido por la Intendente Patricia Lav\u00edn, donde estuvieron presentes el presidente y la gerente de COPEOSPIL y los referentes de la Cooperativa de Trabajo El Progreso.<\/p>\n<p><a href=\"http:\/\/oasisfm935.com\/site\/wp-content\/uploads\/2020\/01\/FB_IMG_1580055579060.jpg\"><img loading=\"lazy\" decoding=\"async\" class=\"alignnone size-full wp-image-3577\" src=\"http:\/\/oasisfm935.com\/site\/wp-content\/uploads\/2020\/01\/FB_IMG_1580055579060.jpg\" alt=\"\" width=\"720\" height=\"405\" srcset=\"https:\/\/oasisfm935.com.ar\/site\/wp-content\/uploads\/2020\/01\/FB_IMG_1580055579060.jpg 720w, https:\/\/oasisfm935.com.ar\/site\/wp-content\/uploads\/2020\/01\/FB_IMG_1580055579060-300x169.jpg 300w, https:\/\/oasisfm935.com.ar\/site\/wp-content\/uploads\/2020\/01\/FB_IMG_1580055579060-678x381.jpg 678w\" sizes=\"auto, (max-width: 720px) 100vw, 720px\" \/><\/a><br \/>\nEn dicha reuni\u00f3n se hablaron de cuestiones comunes a las cooperativas con la municipalidad.<br \/>\nLuego, el subsecretario de cooperativas visit\u00f3 la Cooperativa de Obras y Servicios P\u00fablicos donde se hablaron cuestiones propias de la cooperativa y de proyectos varios, como as\u00ed tambi\u00e9n de capacitaciones.<br \/>\nEn esta \u00faltima reuni\u00f3n, en la sala de conferencias de COPEOSPIL estuvieron presentes junto Fabian Bruna, Marcelo Tarditti (presidente del Consejo de Administraci\u00f3n de COPEOSPIL), Viviana Alegre (Gerente de COPEOSPIL), Ariel Bogino (Intendente de Embajador Martini y 1\u00b0 Vocal Titular de COPEOSPIL) y Cesar Javier Donatti (S\u00edndico Titular de COPEOSPIL).<\/p>\n<p><a href=\"http:\/\/oasisfm935.com\/site\/wp-content\/uploads\/2020\/01\/FB_IMG_1580055570826.jpg\"><img loading=\"lazy\" decoding=\"async\" class=\"alignnone size-full wp-image-3578\" src=\"http:\/\/oasisfm935.com\/site\/wp-content\/uploads\/2020\/01\/FB_IMG_1580055570826.jpg\" alt=\"\" width=\"720\" height=\"480\" srcset=\"https:\/\/oasisfm935.com.ar\/site\/wp-content\/uploads\/2020\/01\/FB_IMG_1580055570826.jpg 720w, https:\/\/oasisfm935.com.ar\/site\/wp-content\/uploads\/2020\/01\/FB_IMG_1580055570826-300x200.jpg 300w\" sizes=\"auto, (max-width: 720px) 100vw, 720px\" \/><\/a> <a href=\"http:\/\/oasisfm935.com\/site\/wp-content\/uploads\/2020\/01\/FB_IMG_1580055562145.jpg\"><img loading=\"lazy\" decoding=\"async\" class=\"alignnone size-full wp-image-3579\" src=\"http:\/\/oasisfm935.com\/site\/wp-content\/uploads\/2020\/01\/FB_IMG_1580055562145.jpg\" alt=\"\" width=\"720\" height=\"405\" srcset=\"https:\/\/oasisfm935.com.ar\/site\/wp-content\/uploads\/2020\/01\/FB_IMG_1580055562145.jpg 720w, https:\/\/oasisfm935.com.ar\/site\/wp-content\/uploads\/2020\/01\/FB_IMG_1580055562145-300x169.jpg 300w, https:\/\/oasisfm935.com.ar\/site\/wp-content\/uploads\/2020\/01\/FB_IMG_1580055562145-678x381.jpg 678w\" sizes=\"auto, (max-width: 720px) 100vw, 720px\" \/><\/a><br \/>\nLa visita en principio fue para conocer a los referentes de las instituciones cooperativas del medio y ver sus realidades y necesidades.<\/p>\n<div class=\"oasis-despues-del-contenido\" id=\"oasis-445225493\"><img loading=\"lazy\" decoding=\"async\" src=\"https:\/\/oasisfm935.com.ar\/site\/wp-content\/uploads\/2020\/08\/47806202-8741-49f2-a5c9-d2f930e5baa1.jpg\" alt=\"\"  srcset=\"https:\/\/oasisfm935.com.ar\/site\/wp-content\/uploads\/2020\/08\/47806202-8741-49f2-a5c9-d2f930e5baa1.jpg 1080w, https:\/\/oasisfm935.com.ar\/site\/wp-content\/uploads\/2020\/08\/47806202-8741-49f2-a5c9-d2f930e5baa1-300x300.jpg 300w, https:\/\/oasisfm935.com.ar\/site\/wp-content\/uploads\/2020\/08\/47806202-8741-49f2-a5c9-d2f930e5baa1-1024x1024.jpg 1024w, https:\/\/oasisfm935.com.ar\/site\/wp-content\/uploads\/2020\/08\/47806202-8741-49f2-a5c9-d2f930e5baa1-150x150.jpg 150w, https:\/\/oasisfm935.com.ar\/site\/wp-content\/uploads\/2020\/08\/47806202-8741-49f2-a5c9-d2f930e5baa1-768x768.jpg 768w\" sizes=\"(max-width: 1080px) 100vw, 1080px\" class=\"no-lazyload\" width=\"1080\" height=\"1080\"  style=\"display: inline-block;\" \/><\/div>","protected":false},"excerpt":{"rendered":"<p>&nbsp; En la ma\u00f1ana del d\u00eda viernes , el subsecretario de Cooperativa, Fabi\u00e1n Bruna, mantuvo un encuentro con autoridades municipales y de<\/p>\n","protected":false},"author":4,"featured_media":3580,"comment_status":"closed","ping_status":"open","sticky":false,"template":"","format":"standard","meta":{"colormag_page_layout":"default_layout","footnotes":""},"categories":[2],"tags":[],"class_list":["post-3576","post","type-post","status-publish","format-standard","has-post-thumbnail","hentry","category-noticias"],"_links":{"self":[{"href":"https:\/\/oasisfm935.com.ar\/site\/wp-json\/wp\/v2\/posts\/3576","targetHints":{"allow":["GET"]}}],"collection":[{"href":"https:\/\/oasisfm935.com.ar\/site\/wp-json\/wp\/v2\/posts"}],"about":[{"href":"https:\/\/oasisfm935.com.ar\/site\/wp-json\/wp\/v2\/types\/post"}],"author":[{"embeddable":true,"href":"https:\/\/oasisfm935.com.ar\/site\/wp-json\/wp\/v2\/users\/4"}],"replies":[{"embeddable":true,"href":"https:\/\/oasisfm935.com.ar\/site\/wp-json\/wp\/v2\/comments?post=3576"}],"version-history":[{"count":1,"href":"https:\/\/oasisfm935.com.ar\/site\/wp-json\/wp\/v2\/posts\/3576\/revisions"}],"predecessor-version":[{"id":3581,"href":"https:\/\/oasisfm935.com.ar\/site\/wp-json\/wp\/v2\/posts\/3576\/revisions\/3581"}],"wp:featuredmedia":[{"embeddable":true,"href":"https:\/\/oasisfm935.com.ar\/site\/wp-json\/wp\/v2\/media\/3580"}],"wp:attachment":[{"href":"https:\/\/oasisfm935.com.ar\/site\/wp-json\/wp\/v2\/media?parent=3576"}],"wp:term":[{"taxonomy":"category","embeddable":true,"href":"https:\/\/oasisfm935.com.ar\/site\/wp-json\/wp\/v2\/categories?post=3576"},{"taxonomy":"post_tag","embeddable":true,"href":"https:\/\/oasisfm935.com.ar\/site\/wp-json\/wp\/v2\/tags?post=3576"}],"curies":[{"name":"wp","href":"https:\/\/api.w.org\/{rel}","templated":true}]}}