{"id":3583,"date":"2020-01-28T10:53:26","date_gmt":"2020-01-28T13:53:26","guid":{"rendered":"http:\/\/oasisfm935.com\/site\/?p=3583"},"modified":"2020-01-28T10:53:26","modified_gmt":"2020-01-28T13:53:26","slug":"choque-en-ing-luiggi-dejo-lesiones-menores-en-el-motociclista","status":"publish","type":"post","link":"https:\/\/oasisfm935.com.ar\/site\/choque-en-ing-luiggi-dejo-lesiones-menores-en-el-motociclista\/","title":{"rendered":"Choque en Ing. Luiggi dej\u00f3 lesiones menores en el motociclista"},"content":{"rendered":"<p>El accidente se registr\u00f3 alrededor de las 21,30 del lunes en la intersecci\u00f3n de calles Rivadavia y Cristobal Col\u00f3n, frente a la terminal de \u00f3mnibus, entre un Fiat 128 y una motociclsta Honda 230 cc. Afortunadamente el casco evit\u00f3 que las lesiones del motociclista fueran graves.<\/p>\n<p>El comisario Leandro Ernst confirm\u00f3 a\u00a0<strong>Zonal Noticias<\/strong>\u00a0que tomaron conocimiento de un accidente a trav\u00e9s de un llamado telef\u00f3nico al 101 ocurrido frente a la terminal de \u00f3mnibus.<\/p>\n<p>El jefe policial indic\u00f3 que el autom\u00f3vil conducido por Esteban Cabral circulaba por la Rivadavia en sentido sur a norte y al llegar a la intersecci\u00f3n con Col\u00f3n, y querer girar hacia el oeste, por causas que se investigan colision\u00f3 con la moto marca Honda CRF 230 cc que circulaba en sentido contrario al mando del joven Leandro Franchetto.<\/p>\n<p><img decoding=\"async\" src=\"https:\/\/www.zonalnoticias.com\/images\/accidente_moto.jpg\" \/><\/p>\n<p>Tras el impacto, el motociclista fue asistido r\u00e1pidamente por personal del hospital Justo G Ferrari y trasladado al centro de salud y posteriormente recibi\u00f3 el alta m\u00e9dica ya que s\u00f3lo recibi\u00f3 golpes menores.<\/p>\n<p>&nbsp;<\/p>\n<p>Ernst destac\u00f3 que \u00ab<strong>el motociclista llevaba puesto el casco protector, lo que impidi\u00f3 lesiones mayores en su cabeza\u00bb.<\/strong><\/p>\n<p>En el lugar trabaj\u00f3 personal policial, quien asisti\u00f3 a los accidentados y luego se labraron actuaciones simples para las compa\u00f1\u00edas aseguradoras, ya que no hubo lesionados de gravedad.<\/p>\n<div class=\"oasis-despues-del-contenido\" id=\"oasis-1203023104\"><img loading=\"lazy\" decoding=\"async\" src=\"https:\/\/oasisfm935.com.ar\/site\/wp-content\/uploads\/2020\/08\/47806202-8741-49f2-a5c9-d2f930e5baa1.jpg\" alt=\"\"  srcset=\"https:\/\/oasisfm935.com.ar\/site\/wp-content\/uploads\/2020\/08\/47806202-8741-49f2-a5c9-d2f930e5baa1.jpg 1080w, https:\/\/oasisfm935.com.ar\/site\/wp-content\/uploads\/2020\/08\/47806202-8741-49f2-a5c9-d2f930e5baa1-300x300.jpg 300w, https:\/\/oasisfm935.com.ar\/site\/wp-content\/uploads\/2020\/08\/47806202-8741-49f2-a5c9-d2f930e5baa1-1024x1024.jpg 1024w, https:\/\/oasisfm935.com.ar\/site\/wp-content\/uploads\/2020\/08\/47806202-8741-49f2-a5c9-d2f930e5baa1-150x150.jpg 150w, https:\/\/oasisfm935.com.ar\/site\/wp-content\/uploads\/2020\/08\/47806202-8741-49f2-a5c9-d2f930e5baa1-768x768.jpg 768w\" sizes=\"(max-width: 1080px) 100vw, 1080px\" class=\"no-lazyload\" width=\"1080\" height=\"1080\"  style=\"display: inline-block;\" \/><\/div>","protected":false},"excerpt":{"rendered":"<p>El accidente se registr\u00f3 alrededor de las 21,30 del lunes en la intersecci\u00f3n de calles Rivadavia y Cristobal Col\u00f3n, frente a la<\/p>\n","protected":false},"author":4,"featured_media":3584,"comment_status":"closed","ping_status":"open","sticky":false,"template":"","format":"standard","meta":{"colormag_page_layout":"default_layout","footnotes":""},"categories":[2],"tags":[],"class_list":["post-3583","post","type-post","status-publish","format-standard","has-post-thumbnail","hentry","category-noticias"],"_links":{"self":[{"href":"https:\/\/oasisfm935.com.ar\/site\/wp-json\/wp\/v2\/posts\/3583","targetHints":{"allow":["GET"]}}],"collection":[{"href":"https:\/\/oasisfm935.com.ar\/site\/wp-json\/wp\/v2\/posts"}],"about":[{"href":"https:\/\/oasisfm935.com.ar\/site\/wp-json\/wp\/v2\/types\/post"}],"author":[{"embeddable":true,"href":"https:\/\/oasisfm935.com.ar\/site\/wp-json\/wp\/v2\/users\/4"}],"replies":[{"embeddable":true,"href":"https:\/\/oasisfm935.com.ar\/site\/wp-json\/wp\/v2\/comments?post=3583"}],"version-history":[{"count":1,"href":"https:\/\/oasisfm935.com.ar\/site\/wp-json\/wp\/v2\/posts\/3583\/revisions"}],"predecessor-version":[{"id":3585,"href":"https:\/\/oasisfm935.com.ar\/site\/wp-json\/wp\/v2\/posts\/3583\/revisions\/3585"}],"wp:featuredmedia":[{"embeddable":true,"href":"https:\/\/oasisfm935.com.ar\/site\/wp-json\/wp\/v2\/media\/3584"}],"wp:attachment":[{"href":"https:\/\/oasisfm935.com.ar\/site\/wp-json\/wp\/v2\/media?parent=3583"}],"wp:term":[{"taxonomy":"category","embeddable":true,"href":"https:\/\/oasisfm935.com.ar\/site\/wp-json\/wp\/v2\/categories?post=3583"},{"taxonomy":"post_tag","embeddable":true,"href":"https:\/\/oasisfm935.com.ar\/site\/wp-json\/wp\/v2\/tags?post=3583"}],"curies":[{"name":"wp","href":"https:\/\/api.w.org\/{rel}","templated":true}]}}