{"id":361,"date":"2019-01-17T09:55:44","date_gmt":"2019-01-17T12:55:44","guid":{"rendered":"http:\/\/oasisfm935.com\/site\/?p=361"},"modified":"2019-01-17T09:55:44","modified_gmt":"2019-01-17T12:55:44","slug":"copeospil-de-luiggi-informa-sobre-el-corte-de-energia-del-dia-miercoles","status":"publish","type":"post","link":"https:\/\/oasisfm935.com.ar\/site\/copeospil-de-luiggi-informa-sobre-el-corte-de-energia-del-dia-miercoles\/","title":{"rendered":"Copeospil  de Luiggi  Informa sobre el corte de energ\u00eda del d\u00eda Mi\u00e9rcoles ."},"content":{"rendered":"<p>En el d\u00eda de ayer, mi\u00e9rcoles 16 de enero, por la tarde-noche se registr\u00f3 un corte de energ\u00eda general en la L\u00ednea de Alta Tensi\u00f3n de Realic\u00f3-Luiggi que abastece a las localidades de Parera, Luiggi y Embajador Martini. Personal de esta cooperativa concurri\u00f3 a la Estaci\u00f3n Transformadora de Luiggi para prestar colaboraci\u00f3n con las maniobras y detecci\u00f3n de la falla, siendo localizada a 5km de Parera hac\u00eda Realic\u00f3 por el personal de APE. La falla fue causada por la ca\u00edda de rayos durante la tormenta que en esa zona fue de mayor intensidad.<\/p>\n<p>Personal de Lineas de APE con base en G. Pico viajaron desde esa localidad hasta Parera y a la medianoche terminaron de reparar los aisladores rotos y el servicio qued\u00f3 normalizado, tomando la alimentaci\u00f3n de las tres localidades mencionadas desde la Estaci\u00f3n APE Realic\u00f3.<\/p>\n<div class=\"oasis-despues-del-contenido\" id=\"oasis-3701312034\"><img loading=\"lazy\" decoding=\"async\" src=\"https:\/\/oasisfm935.com.ar\/site\/wp-content\/uploads\/2020\/08\/47806202-8741-49f2-a5c9-d2f930e5baa1.jpg\" alt=\"\"  srcset=\"https:\/\/oasisfm935.com.ar\/site\/wp-content\/uploads\/2020\/08\/47806202-8741-49f2-a5c9-d2f930e5baa1.jpg 1080w, https:\/\/oasisfm935.com.ar\/site\/wp-content\/uploads\/2020\/08\/47806202-8741-49f2-a5c9-d2f930e5baa1-300x300.jpg 300w, https:\/\/oasisfm935.com.ar\/site\/wp-content\/uploads\/2020\/08\/47806202-8741-49f2-a5c9-d2f930e5baa1-1024x1024.jpg 1024w, https:\/\/oasisfm935.com.ar\/site\/wp-content\/uploads\/2020\/08\/47806202-8741-49f2-a5c9-d2f930e5baa1-150x150.jpg 150w, https:\/\/oasisfm935.com.ar\/site\/wp-content\/uploads\/2020\/08\/47806202-8741-49f2-a5c9-d2f930e5baa1-768x768.jpg 768w\" sizes=\"(max-width: 1080px) 100vw, 1080px\" class=\"no-lazyload\" width=\"1080\" height=\"1080\"  style=\"display: inline-block;\" \/><\/div>","protected":false},"excerpt":{"rendered":"<p>En el d\u00eda de ayer, mi\u00e9rcoles 16 de enero, por la tarde-noche se registr\u00f3 un corte de energ\u00eda general en la L\u00ednea<\/p>\n","protected":false},"author":4,"featured_media":364,"comment_status":"closed","ping_status":"open","sticky":false,"template":"","format":"standard","meta":{"colormag_page_layout":"default_layout","footnotes":""},"categories":[2],"tags":[],"class_list":["post-361","post","type-post","status-publish","format-standard","has-post-thumbnail","hentry","category-noticias"],"_links":{"self":[{"href":"https:\/\/oasisfm935.com.ar\/site\/wp-json\/wp\/v2\/posts\/361","targetHints":{"allow":["GET"]}}],"collection":[{"href":"https:\/\/oasisfm935.com.ar\/site\/wp-json\/wp\/v2\/posts"}],"about":[{"href":"https:\/\/oasisfm935.com.ar\/site\/wp-json\/wp\/v2\/types\/post"}],"author":[{"embeddable":true,"href":"https:\/\/oasisfm935.com.ar\/site\/wp-json\/wp\/v2\/users\/4"}],"replies":[{"embeddable":true,"href":"https:\/\/oasisfm935.com.ar\/site\/wp-json\/wp\/v2\/comments?post=361"}],"version-history":[{"count":2,"href":"https:\/\/oasisfm935.com.ar\/site\/wp-json\/wp\/v2\/posts\/361\/revisions"}],"predecessor-version":[{"id":365,"href":"https:\/\/oasisfm935.com.ar\/site\/wp-json\/wp\/v2\/posts\/361\/revisions\/365"}],"wp:featuredmedia":[{"embeddable":true,"href":"https:\/\/oasisfm935.com.ar\/site\/wp-json\/wp\/v2\/media\/364"}],"wp:attachment":[{"href":"https:\/\/oasisfm935.com.ar\/site\/wp-json\/wp\/v2\/media?parent=361"}],"wp:term":[{"taxonomy":"category","embeddable":true,"href":"https:\/\/oasisfm935.com.ar\/site\/wp-json\/wp\/v2\/categories?post=361"},{"taxonomy":"post_tag","embeddable":true,"href":"https:\/\/oasisfm935.com.ar\/site\/wp-json\/wp\/v2\/tags?post=361"}],"curies":[{"name":"wp","href":"https:\/\/api.w.org\/{rel}","templated":true}]}}