{"id":3617,"date":"2020-02-24T12:14:18","date_gmt":"2020-02-24T15:14:18","guid":{"rendered":"http:\/\/oasisfm935.com\/site\/?p=3617"},"modified":"2020-02-24T12:14:18","modified_gmt":"2020-02-24T15:14:18","slug":"luiggi-el-bloque-de-la-ucr-pidio-informes-sobre-el-estado-de-desagues-pluviales-y-caminos-vecinales","status":"publish","type":"post","link":"https:\/\/oasisfm935.com.ar\/site\/luiggi-el-bloque-de-la-ucr-pidio-informes-sobre-el-estado-de-desagues-pluviales-y-caminos-vecinales\/","title":{"rendered":"Luiggi: El Bloque de la UCR pidi\u00f3 informes sobre el estado de desag\u00fces pluviales y caminos vecinales"},"content":{"rendered":"<p>En una nota enviada al \u00a0presidente del Concejo Deliberante Juan Jos\u00e9 Gorordo, el Bloque de la UCR pidi\u00f3 informe sobre el\u00a0<strong>estado, conservaci\u00f3n, mantenimiento y mejoramiento de las calles, caminos, niveles y desag\u00fces pluviales dentro del ejido urbano.<\/strong><\/p>\n<p>Seg\u00fan la informaci\u00f3n que lleg\u00f3 a\u00a0<strong>Zonal Noticias,<\/strong>\u00a0en su momento (el pasado 7 de febrero) el bloque opositor pidi\u00f3 informes en el Concejo Deliberante sobre el estado, conservaci\u00f3n, mantenimiento y mejoramiento de las calles, caminos, niveles y desag\u00fces pluviales dentro del ejido urbano,<\/p>\n<p>Adem\u00e1s solicit\u00f3 una \u00abplanificaci\u00f3n inmediata, mediata y a largo plazo de pol\u00edticas de protecci\u00f3n de recursos naturales locales, preservaci\u00f3n del medio\u00a0<strong>ambiente, disminuci\u00f3n, reducci\u00f3n y control del impacto ambiental\u00bb.<\/strong><\/p>\n<p><img decoding=\"async\" src=\"https:\/\/www.zonalnoticias.com\/images\/pedido_de_informe_luiggi_4_reccc.jpg\" \/><\/p>\n<p>El Bloque integrado por Cristina Salvadori e Ignacio Cornejo pidi\u00f3 tambi\u00e9n un\u00a0<strong>\u201cplan integral de control del crecimiento de malezas, plantas y residuos, dado que las lluvias de alta intensidad provocan que el agua no escurra con la velocidad adecuada\u201d.<\/strong><\/p>\n<p><img decoding=\"async\" src=\"https:\/\/www.zonalnoticias.com\/images\/desagues_luiggi_malezas_1.jpg\" \/><\/p>\n<p>En este sentido destacaron la necesidad de \u201c<strong>acciones concretas que contribuyan a la conservaci\u00f3n de la biodiversidad, al equilibrio, sostenimiento del ecosistema y mantenimiento de servicios ambientales fundamentales\u201d,<\/strong>\u00a0y a modo de ejemplo mencionaron<strong>\u00a0\u201cel destino de los restos de basura sin clasificaci\u00f3n que se recolectan, falta de se\u00f1alizaci\u00f3n suficiente de canales, controles adecuados de sanidad ambiental, protecci\u00f3n del humedal, reutilizaci\u00f3n del agua de los piletones de cloacas\u201d.<\/strong><\/p>\n<p><img decoding=\"async\" src=\"https:\/\/www.zonalnoticias.com\/images\/pedido_de_informe_luiggi_3.jpg\" \/><\/p>\n<p>Frente\u00a0 al panorama expuesto, solicitaron \u201cse proceda a generar acciones concretas para consensuar pol\u00edticas p\u00fablicas con la intervenci\u00f3n del gobierno local, instituciones intermedias y habitantes de la localidad con la objeto de arbitrar los medios y recursos necesarios para disminuir, reducir y controlar el impacto ambiental de actividades productivas y promover campa\u00f1as de concientizaci\u00f3n del riesgo y da\u00f1o ambiental\u201d.<\/p>\n<p><strong>Al Ejecutivo<\/strong><\/p>\n<p>Desde el Bloque radical explicaron que ante la falta de respuesta a la nota presentada el 7 de febrero de esta a\u00f1o con el correspondiente pedido de informes respecto al tema de los desag\u00fces, el plan\/ pol\u00edtica p\u00fablica\/ planeamiento y detalle de acciones concretas para disminuir, reducir, recomponer, reparar y controlar el impacto, riesgo y da\u00f1o ambiental<strong>, se hizo una presentanci\u00f3n al Poder Ejecutivo.<\/strong><\/p>\n<p>\u201cHabiendo aumentado considerablemente en el ejido urbano y caminos vecinales la cantidad de residuos, malezas, basura y desechos org\u00e1nicos e inorg\u00e1nicos perjudicando la calidad de vida de los vecinos de nuestra localidad ( en nuestro poder documentaci\u00f3n que acredita lo expuesto)\u00a0 y en m\u00e9rito a la insuficiencia de facultades normativas que el cuerpo deliberativo posee respecto de cuestiones de estricto orden p\u00fablico que corresponden al Departamento Ejecutivo conforme La Ley Org\u00e1nica de Municipalidades, intimamos \u00a0a efectivizar las medidas necesarias, preventivas y reparatorias de manera urgente, administrar y distribuir los recursos p\u00fablicos de manera sensata, coherente y cautelosa a tal fin\u00a0 y bajo apercibimiento de ley citada ut supra, considerar y denunciar al Departamento Ejecutivo como responsable directo de la omisi\u00f3n de los deberes de preservar el medio ambiente, garantizar el desarrollo sustentable y sostenible de la comunidad y el derecho de los ciudadanos a ser o\u00eddos en sus leg\u00edtimos reclamos y el acceso a la justicia por cuestiones ambientales sin ning\u00fan tipo de restricci\u00f3n\u201d, expresaron en su presentaci\u00f3n los ediles del Bloque radical.<\/p>\n<div class=\"oasis-despues-del-contenido\" id=\"oasis-4156952875\"><img loading=\"lazy\" decoding=\"async\" src=\"https:\/\/oasisfm935.com.ar\/site\/wp-content\/uploads\/2020\/08\/47806202-8741-49f2-a5c9-d2f930e5baa1.jpg\" alt=\"\"  srcset=\"https:\/\/oasisfm935.com.ar\/site\/wp-content\/uploads\/2020\/08\/47806202-8741-49f2-a5c9-d2f930e5baa1.jpg 1080w, https:\/\/oasisfm935.com.ar\/site\/wp-content\/uploads\/2020\/08\/47806202-8741-49f2-a5c9-d2f930e5baa1-300x300.jpg 300w, https:\/\/oasisfm935.com.ar\/site\/wp-content\/uploads\/2020\/08\/47806202-8741-49f2-a5c9-d2f930e5baa1-1024x1024.jpg 1024w, https:\/\/oasisfm935.com.ar\/site\/wp-content\/uploads\/2020\/08\/47806202-8741-49f2-a5c9-d2f930e5baa1-150x150.jpg 150w, https:\/\/oasisfm935.com.ar\/site\/wp-content\/uploads\/2020\/08\/47806202-8741-49f2-a5c9-d2f930e5baa1-768x768.jpg 768w\" sizes=\"(max-width: 1080px) 100vw, 1080px\" class=\"no-lazyload\" width=\"1080\" height=\"1080\"  style=\"display: inline-block;\" \/><\/div>","protected":false},"excerpt":{"rendered":"<p>En una nota enviada al \u00a0presidente del Concejo Deliberante Juan Jos\u00e9 Gorordo, el Bloque de la UCR pidi\u00f3 informe sobre el\u00a0estado, conservaci\u00f3n,<\/p>\n","protected":false},"author":4,"featured_media":3618,"comment_status":"closed","ping_status":"open","sticky":false,"template":"","format":"standard","meta":{"colormag_page_layout":"default_layout","footnotes":""},"categories":[2],"tags":[],"class_list":["post-3617","post","type-post","status-publish","format-standard","has-post-thumbnail","hentry","category-noticias"],"_links":{"self":[{"href":"https:\/\/oasisfm935.com.ar\/site\/wp-json\/wp\/v2\/posts\/3617","targetHints":{"allow":["GET"]}}],"collection":[{"href":"https:\/\/oasisfm935.com.ar\/site\/wp-json\/wp\/v2\/posts"}],"about":[{"href":"https:\/\/oasisfm935.com.ar\/site\/wp-json\/wp\/v2\/types\/post"}],"author":[{"embeddable":true,"href":"https:\/\/oasisfm935.com.ar\/site\/wp-json\/wp\/v2\/users\/4"}],"replies":[{"embeddable":true,"href":"https:\/\/oasisfm935.com.ar\/site\/wp-json\/wp\/v2\/comments?post=3617"}],"version-history":[{"count":1,"href":"https:\/\/oasisfm935.com.ar\/site\/wp-json\/wp\/v2\/posts\/3617\/revisions"}],"predecessor-version":[{"id":3619,"href":"https:\/\/oasisfm935.com.ar\/site\/wp-json\/wp\/v2\/posts\/3617\/revisions\/3619"}],"wp:featuredmedia":[{"embeddable":true,"href":"https:\/\/oasisfm935.com.ar\/site\/wp-json\/wp\/v2\/media\/3618"}],"wp:attachment":[{"href":"https:\/\/oasisfm935.com.ar\/site\/wp-json\/wp\/v2\/media?parent=3617"}],"wp:term":[{"taxonomy":"category","embeddable":true,"href":"https:\/\/oasisfm935.com.ar\/site\/wp-json\/wp\/v2\/categories?post=3617"},{"taxonomy":"post_tag","embeddable":true,"href":"https:\/\/oasisfm935.com.ar\/site\/wp-json\/wp\/v2\/tags?post=3617"}],"curies":[{"name":"wp","href":"https:\/\/api.w.org\/{rel}","templated":true}]}}