{"id":3620,"date":"2020-02-24T12:30:35","date_gmt":"2020-02-24T15:30:35","guid":{"rendered":"http:\/\/oasisfm935.com\/site\/?p=3620"},"modified":"2020-02-24T12:30:35","modified_gmt":"2020-02-24T15:30:35","slug":"el-gobierno-subiria-tres-puntos-las-retenciones-a-la-soja","status":"publish","type":"post","link":"https:\/\/oasisfm935.com.ar\/site\/el-gobierno-subiria-tres-puntos-las-retenciones-a-la-soja\/","title":{"rendered":"El Gobierno subir\u00eda tres puntos las retenciones a la soja"},"content":{"rendered":"<p>Con el objetivo de <strong>aumentar la recaudaci\u00f3n \u00abcon l\u00f3gica redistributiva\u00bb<\/strong>, el gobierno de\u00a0<strong>Alberto Fern\u00e1ndez<\/strong>\u00a0analiza por estas horas\u00a0<strong>aumentar tres puntos porcentuales las retenciones a la soja y sus derivados<\/strong>. La decisi\u00f3n ser\u00eda anunciada por el presidente en su discurso del pr\u00f3ximo 1\u00b0 de marzo ante la Asamblea Legislativa.<\/p>\n<div class=\"post-entry blockquote-style-1\">\n<div class=\"inner-post-entry\">\n<p>El Gobierno cuenta con la facultad de elevar desde el 30 por ciento actual hasta el 33 por ciento las al\u00edcuotas por los derechos de exportaci\u00f3n. El 33% es el tope. As\u00ed lo estableci\u00f3 la ley de emergencia, votada por el Congreso a fines de diciembre.<\/p>\n<div class=\"g g-2\">\n<div class=\"g-single a-8\">En cuanto a la soja, la ley autoriza <strong>aumentar de 30% a 33% y para\u00a0trigo\u00a0y\u00a0ma\u00edz\u00a0la suba podr\u00e1 ser de 12% a 15%<\/strong>, aunque establece compensaciones para peque\u00f1os productores y cooperativistas. Para productos agroindustriales de econom\u00edas regionales se establec\u00eda una al\u00edcuota tope del 5%, al igual que para bienes industriales y servicios. En cuanto a bienes exportables hidrocarbur\u00edferos o provenientes de la miner\u00eda, se redujo el tope del 12 al 8%.<\/div>\n<\/div>\n<p>Esta decisi\u00f3n del gobierno tensar\u00eda a\u00fan m\u00e1s la relaci\u00f3n con el campo, aunque desde el oficialismo aseguran que habr\u00e1 segmentaciones y compensaciones para minimizar el impacto de las subas. Seg\u00fan consigna\u00a0<em>La Naci\u00f3n<\/em>, en las pr\u00f3ximas horas est\u00e1 prevista una nueva\u00a0<strong>reuni\u00f3n entre funcionarios del Gobierno y la Mesa de Enlace<\/strong>, en la cual el presidente les informar\u00eda lo que ser\u00e1 anunciado ante la Asamblea Legislativa.<\/p>\n<\/div>\n<\/div>\n<div class=\"oasis-despues-del-contenido\" id=\"oasis-1890659516\"><img loading=\"lazy\" decoding=\"async\" src=\"https:\/\/oasisfm935.com.ar\/site\/wp-content\/uploads\/2020\/08\/47806202-8741-49f2-a5c9-d2f930e5baa1.jpg\" alt=\"\"  srcset=\"https:\/\/oasisfm935.com.ar\/site\/wp-content\/uploads\/2020\/08\/47806202-8741-49f2-a5c9-d2f930e5baa1.jpg 1080w, https:\/\/oasisfm935.com.ar\/site\/wp-content\/uploads\/2020\/08\/47806202-8741-49f2-a5c9-d2f930e5baa1-300x300.jpg 300w, https:\/\/oasisfm935.com.ar\/site\/wp-content\/uploads\/2020\/08\/47806202-8741-49f2-a5c9-d2f930e5baa1-1024x1024.jpg 1024w, https:\/\/oasisfm935.com.ar\/site\/wp-content\/uploads\/2020\/08\/47806202-8741-49f2-a5c9-d2f930e5baa1-150x150.jpg 150w, https:\/\/oasisfm935.com.ar\/site\/wp-content\/uploads\/2020\/08\/47806202-8741-49f2-a5c9-d2f930e5baa1-768x768.jpg 768w\" sizes=\"(max-width: 1080px) 100vw, 1080px\" class=\"no-lazyload\" width=\"1080\" height=\"1080\"  style=\"display: inline-block;\" \/><\/div>","protected":false},"excerpt":{"rendered":"<p>Con el objetivo de aumentar la recaudaci\u00f3n \u00abcon l\u00f3gica redistributiva\u00bb, el gobierno de\u00a0Alberto Fern\u00e1ndez\u00a0analiza por estas horas\u00a0aumentar tres puntos porcentuales las retenciones<\/p>\n","protected":false},"author":4,"featured_media":3622,"comment_status":"closed","ping_status":"open","sticky":false,"template":"","format":"standard","meta":{"colormag_page_layout":"default_layout","footnotes":""},"categories":[2],"tags":[],"class_list":["post-3620","post","type-post","status-publish","format-standard","has-post-thumbnail","hentry","category-noticias"],"_links":{"self":[{"href":"https:\/\/oasisfm935.com.ar\/site\/wp-json\/wp\/v2\/posts\/3620","targetHints":{"allow":["GET"]}}],"collection":[{"href":"https:\/\/oasisfm935.com.ar\/site\/wp-json\/wp\/v2\/posts"}],"about":[{"href":"https:\/\/oasisfm935.com.ar\/site\/wp-json\/wp\/v2\/types\/post"}],"author":[{"embeddable":true,"href":"https:\/\/oasisfm935.com.ar\/site\/wp-json\/wp\/v2\/users\/4"}],"replies":[{"embeddable":true,"href":"https:\/\/oasisfm935.com.ar\/site\/wp-json\/wp\/v2\/comments?post=3620"}],"version-history":[{"count":2,"href":"https:\/\/oasisfm935.com.ar\/site\/wp-json\/wp\/v2\/posts\/3620\/revisions"}],"predecessor-version":[{"id":3624,"href":"https:\/\/oasisfm935.com.ar\/site\/wp-json\/wp\/v2\/posts\/3620\/revisions\/3624"}],"wp:featuredmedia":[{"embeddable":true,"href":"https:\/\/oasisfm935.com.ar\/site\/wp-json\/wp\/v2\/media\/3622"}],"wp:attachment":[{"href":"https:\/\/oasisfm935.com.ar\/site\/wp-json\/wp\/v2\/media?parent=3620"}],"wp:term":[{"taxonomy":"category","embeddable":true,"href":"https:\/\/oasisfm935.com.ar\/site\/wp-json\/wp\/v2\/categories?post=3620"},{"taxonomy":"post_tag","embeddable":true,"href":"https:\/\/oasisfm935.com.ar\/site\/wp-json\/wp\/v2\/tags?post=3620"}],"curies":[{"name":"wp","href":"https:\/\/api.w.org\/{rel}","templated":true}]}}