{"id":3646,"date":"2020-03-02T10:29:52","date_gmt":"2020-03-02T13:29:52","guid":{"rendered":"http:\/\/oasisfm935.com\/site\/?p=3646"},"modified":"2020-03-02T10:30:37","modified_gmt":"2020-03-02T13:30:37","slug":"doblete-para-martina-bernal-en-mendoza","status":"publish","type":"post","link":"https:\/\/oasisfm935.com.ar\/site\/doblete-para-martina-bernal-en-mendoza\/","title":{"rendered":"Doblete para Martina Bernal en Mendoza"},"content":{"rendered":"<p>La tenista luiggense Martina \u00a0Bernal disput\u00f3 el primer torneo del a\u00f1o en categor\u00eda sub 18 que se llev\u00f3 a cabo en el club Andino Mendoza con un gran n\u00famero de jugadoras y\u00a0 jugadores de varias provincias de pa\u00eds.<\/p>\n<p>El torneo se desarroll\u00f3 desde el 26 al 29 de febrero y all\u00ed estuvo participando la tenista luiggense con excelentes resultados.<\/p>\n<p>La luiggense\u00a0 jug\u00f3 la final en singles \u00a0con Ana Storni, a quien venci\u00f3 \u00a06\/3 6\/0 y en dobles junto a su compa\u00f1era de dupla Soledad P\u00e9rez Millan,\u00a0 con quien\u00a0 se impusieron a la dupla rival con un resultado 6\/2 6\/3 .<\/p>\n<p><img decoding=\"async\" src=\"https:\/\/www.zonalnoticias.com\/images\/martina_bernal_mendoza.jpg\" \/><\/p>\n<p><strong>Martina realiz\u00f3 su pretemporada en \u00a0el Complejo Ave Fenix en San Luis durante estos meses de verano.<\/strong><\/p>\n<p>Su mam\u00e1 Carina Mart\u00edn tuvo un contacto con\u00a0<strong>Zonal Noticias<\/strong>\u00a0y destac\u00f3 \u201cEstamos felices por los logros de Marti, y agradecidos a sus profesores\u201d.<\/p>\n<p>\u201c Desde el interior es dif\u00edcil realizar y sostener un deporte de alto rendimiento, pero no imposible\u201d, expres\u00f3 Carina.<\/p>\n<p><strong>\u201cComo siempre queremos agradecer a \u00a0todos por acompa\u00f1ar a Martina\u201d,<\/strong>\u00a0concluy\u00f3.<\/p>\n<p><img decoding=\"async\" src=\"https:\/\/www.zonalnoticias.com\/images\/martina_bernal_mendoza_dobles.jpg\" \/><\/p>\n<p><strong>Becada<\/strong><\/p>\n<p>\u00ab<span class=\"_5yl5\">Ella este a\u00f1o va a seguir viajando a San Luis a entrenar, tambi\u00e9n parte de su rutina la realizar\u00e1 en General Pico y esperemos contar con alg\u00fan profesor de tenis en el Club Matienzo\u00bb, indic\u00f3 su madre.<\/span><\/p>\n<p><strong>\u00abEs un a\u00f1o decisivo para Martina, tiene varias propuestas, pero lo vamos a ir evaluando\u00bb,<\/strong>\u00a0se\u00f1al\u00f3<\/p>\n<p>\u00abHoy su presente es perfeccionar el ingl\u00e9s para aprovechar una beca en Estados Unidos que le otorgaron por el lugar que ocupa en el r\u00e1nking de la Asociaci\u00f3n Argentina de Tenis\u00bb,\u00a0 indic\u00f3 la madre de Martina Bernal, la tenista luiggense con una gran proyecci\u00f3n nacional e internacional.<\/p>\n<p>La beca es para que\u00a0 estudie en una Universidad de Estados Unidos y\u00a0 y practique\u00a0 tenis.<\/p>\n<p><strong><span class=\"_5yl5\">Recordemos que los resultados obtenidos el a\u00f1o pasado, le permitieron a Martina Bernal comenzar este 2020 posicionada en el puesto 2 en su categor\u00eda a nivel nacional.<\/span><\/strong><\/p>\n<div class=\"oasis-despues-del-contenido\" id=\"oasis-1774418664\"><img loading=\"lazy\" decoding=\"async\" src=\"https:\/\/oasisfm935.com.ar\/site\/wp-content\/uploads\/2020\/08\/47806202-8741-49f2-a5c9-d2f930e5baa1.jpg\" alt=\"\"  srcset=\"https:\/\/oasisfm935.com.ar\/site\/wp-content\/uploads\/2020\/08\/47806202-8741-49f2-a5c9-d2f930e5baa1.jpg 1080w, https:\/\/oasisfm935.com.ar\/site\/wp-content\/uploads\/2020\/08\/47806202-8741-49f2-a5c9-d2f930e5baa1-300x300.jpg 300w, https:\/\/oasisfm935.com.ar\/site\/wp-content\/uploads\/2020\/08\/47806202-8741-49f2-a5c9-d2f930e5baa1-1024x1024.jpg 1024w, https:\/\/oasisfm935.com.ar\/site\/wp-content\/uploads\/2020\/08\/47806202-8741-49f2-a5c9-d2f930e5baa1-150x150.jpg 150w, https:\/\/oasisfm935.com.ar\/site\/wp-content\/uploads\/2020\/08\/47806202-8741-49f2-a5c9-d2f930e5baa1-768x768.jpg 768w\" sizes=\"(max-width: 1080px) 100vw, 1080px\" class=\"no-lazyload\" width=\"1080\" height=\"1080\"  style=\"display: inline-block;\" \/><\/div>","protected":false},"excerpt":{"rendered":"<p>La tenista luiggense Martina \u00a0Bernal disput\u00f3 el primer torneo del a\u00f1o en categor\u00eda sub 18 que se llev\u00f3 a cabo en el<\/p>\n","protected":false},"author":4,"featured_media":3647,"comment_status":"closed","ping_status":"open","sticky":false,"template":"","format":"standard","meta":{"colormag_page_layout":"default_layout","footnotes":""},"categories":[2],"tags":[],"class_list":["post-3646","post","type-post","status-publish","format-standard","has-post-thumbnail","hentry","category-noticias"],"_links":{"self":[{"href":"https:\/\/oasisfm935.com.ar\/site\/wp-json\/wp\/v2\/posts\/3646","targetHints":{"allow":["GET"]}}],"collection":[{"href":"https:\/\/oasisfm935.com.ar\/site\/wp-json\/wp\/v2\/posts"}],"about":[{"href":"https:\/\/oasisfm935.com.ar\/site\/wp-json\/wp\/v2\/types\/post"}],"author":[{"embeddable":true,"href":"https:\/\/oasisfm935.com.ar\/site\/wp-json\/wp\/v2\/users\/4"}],"replies":[{"embeddable":true,"href":"https:\/\/oasisfm935.com.ar\/site\/wp-json\/wp\/v2\/comments?post=3646"}],"version-history":[{"count":1,"href":"https:\/\/oasisfm935.com.ar\/site\/wp-json\/wp\/v2\/posts\/3646\/revisions"}],"predecessor-version":[{"id":3648,"href":"https:\/\/oasisfm935.com.ar\/site\/wp-json\/wp\/v2\/posts\/3646\/revisions\/3648"}],"wp:featuredmedia":[{"embeddable":true,"href":"https:\/\/oasisfm935.com.ar\/site\/wp-json\/wp\/v2\/media\/3647"}],"wp:attachment":[{"href":"https:\/\/oasisfm935.com.ar\/site\/wp-json\/wp\/v2\/media?parent=3646"}],"wp:term":[{"taxonomy":"category","embeddable":true,"href":"https:\/\/oasisfm935.com.ar\/site\/wp-json\/wp\/v2\/categories?post=3646"},{"taxonomy":"post_tag","embeddable":true,"href":"https:\/\/oasisfm935.com.ar\/site\/wp-json\/wp\/v2\/tags?post=3646"}],"curies":[{"name":"wp","href":"https:\/\/api.w.org\/{rel}","templated":true}]}}