{"id":3653,"date":"2020-03-02T18:53:44","date_gmt":"2020-03-02T21:53:44","guid":{"rendered":"http:\/\/oasisfm935.com\/site\/?p=3653"},"modified":"2020-03-02T18:54:30","modified_gmt":"2020-03-02T21:54:30","slug":"ingeniero-luiggi-se-llevo-a-cabo-el-operativo-de-entrega-de-tarjetas-alimentar","status":"publish","type":"post","link":"https:\/\/oasisfm935.com.ar\/site\/ingeniero-luiggi-se-llevo-a-cabo-el-operativo-de-entrega-de-tarjetas-alimentar\/","title":{"rendered":"Ingeniero Luiggi: Se llev\u00f3 a cabo el Operativo de entrega de Tarjetas alimentAR"},"content":{"rendered":"<p>La intendenta de Ingeniero Luiggi\u00a0 Patricia Lavin se mostr\u00f3 contenta por ser cabecera para la entrega de Tarjetas Alimentar en la zona. \u00a0\u201cPor un lado se da respuesta a una necesidad puntual que es el acceso a la alimentaci\u00f3n y por otro lado se est\u00e1 dando una inyecci\u00f3n importante a la econom\u00eda local.<\/p>\n<p>&nbsp;<\/p>\n<p><img decoding=\"async\" src=\"https:\/\/www.zonalnoticias.com\/images\/tarjetas_alimentar_en_luiggi_6.jpg\" \/><\/p>\n<p>Lavin destac\u00f3 que \u00abpara Ingeniero Luiggi es muy significativo porque estamos haciendo\u00a0<strong>\u00a0entrega de 169 tarjetas\u00bb.<\/strong><\/p>\n<p>Indic\u00f3 que<strong>\u00a0 \u00abse otorgar\u00e1n 4 mil pesos por mes a los beneficiarios que tengan un ni\u00f1o de hasta seis a\u00f1os de edad,\u00a0 alg\u00fan hijo con discapacidad,\u00a0 y embarazadas a partir de los tres meses de gestaci\u00f3n\u00bb.<\/strong><\/p>\n<p><strong>En tanto los beneficiarios que tengan dos ni\u00f1os o m\u00e1s de hasta seis a\u00f1os de edad recibir\u00e1n 6 mil pesos.<\/strong><\/p>\n<p>\u201cLa verdad que es una inyecci\u00f3n econ\u00f3mica interesante para el grupo familiar y tambi\u00e9n es un movimiento econ\u00f3mico para los comercios locales, por eso nos hemos reunido con ellos para que nos acompa\u00f1en en este programa y puedan ofrecer los productos b\u00e1sicos de la canasta familiar\u201d, expres\u00f3 la intendenta.<\/p>\n<p><img decoding=\"async\" src=\"https:\/\/www.zonalnoticias.com\/images\/tarjetas_alimentar_en_luiggi_2.jpg\" \/><\/p>\n<p>Ingeniero Luiggi \u00a0fue sede\u00a0 Zonal, trabajaron conjuntamente\u00a0 el Ministerio de Desarrollo Social, Hospital Local,Comisar\u00eda, Anses y Banco de la Naci\u00f3n.<\/p>\n<p>&nbsp;<\/p>\n<div class=\"oasis-despues-del-contenido\" id=\"oasis-2559300714\"><img loading=\"lazy\" decoding=\"async\" src=\"https:\/\/oasisfm935.com.ar\/site\/wp-content\/uploads\/2020\/08\/47806202-8741-49f2-a5c9-d2f930e5baa1.jpg\" alt=\"\"  srcset=\"https:\/\/oasisfm935.com.ar\/site\/wp-content\/uploads\/2020\/08\/47806202-8741-49f2-a5c9-d2f930e5baa1.jpg 1080w, https:\/\/oasisfm935.com.ar\/site\/wp-content\/uploads\/2020\/08\/47806202-8741-49f2-a5c9-d2f930e5baa1-300x300.jpg 300w, https:\/\/oasisfm935.com.ar\/site\/wp-content\/uploads\/2020\/08\/47806202-8741-49f2-a5c9-d2f930e5baa1-1024x1024.jpg 1024w, https:\/\/oasisfm935.com.ar\/site\/wp-content\/uploads\/2020\/08\/47806202-8741-49f2-a5c9-d2f930e5baa1-150x150.jpg 150w, https:\/\/oasisfm935.com.ar\/site\/wp-content\/uploads\/2020\/08\/47806202-8741-49f2-a5c9-d2f930e5baa1-768x768.jpg 768w\" sizes=\"(max-width: 1080px) 100vw, 1080px\" class=\"no-lazyload\" width=\"1080\" height=\"1080\"  style=\"display: inline-block;\" \/><\/div>","protected":false},"excerpt":{"rendered":"<p>La intendenta de Ingeniero Luiggi\u00a0 Patricia Lavin se mostr\u00f3 contenta por ser cabecera para la entrega de Tarjetas Alimentar en la zona.<\/p>\n","protected":false},"author":4,"featured_media":3654,"comment_status":"closed","ping_status":"open","sticky":false,"template":"","format":"standard","meta":{"colormag_page_layout":"default_layout","footnotes":""},"categories":[2],"tags":[],"class_list":["post-3653","post","type-post","status-publish","format-standard","has-post-thumbnail","hentry","category-noticias"],"_links":{"self":[{"href":"https:\/\/oasisfm935.com.ar\/site\/wp-json\/wp\/v2\/posts\/3653","targetHints":{"allow":["GET"]}}],"collection":[{"href":"https:\/\/oasisfm935.com.ar\/site\/wp-json\/wp\/v2\/posts"}],"about":[{"href":"https:\/\/oasisfm935.com.ar\/site\/wp-json\/wp\/v2\/types\/post"}],"author":[{"embeddable":true,"href":"https:\/\/oasisfm935.com.ar\/site\/wp-json\/wp\/v2\/users\/4"}],"replies":[{"embeddable":true,"href":"https:\/\/oasisfm935.com.ar\/site\/wp-json\/wp\/v2\/comments?post=3653"}],"version-history":[{"count":3,"href":"https:\/\/oasisfm935.com.ar\/site\/wp-json\/wp\/v2\/posts\/3653\/revisions"}],"predecessor-version":[{"id":3657,"href":"https:\/\/oasisfm935.com.ar\/site\/wp-json\/wp\/v2\/posts\/3653\/revisions\/3657"}],"wp:featuredmedia":[{"embeddable":true,"href":"https:\/\/oasisfm935.com.ar\/site\/wp-json\/wp\/v2\/media\/3654"}],"wp:attachment":[{"href":"https:\/\/oasisfm935.com.ar\/site\/wp-json\/wp\/v2\/media?parent=3653"}],"wp:term":[{"taxonomy":"category","embeddable":true,"href":"https:\/\/oasisfm935.com.ar\/site\/wp-json\/wp\/v2\/categories?post=3653"},{"taxonomy":"post_tag","embeddable":true,"href":"https:\/\/oasisfm935.com.ar\/site\/wp-json\/wp\/v2\/tags?post=3653"}],"curies":[{"name":"wp","href":"https:\/\/api.w.org\/{rel}","templated":true}]}}