{"id":3659,"date":"2020-03-02T19:49:26","date_gmt":"2020-03-02T22:49:26","guid":{"rendered":"http:\/\/oasisfm935.com\/site\/?p=3659"},"modified":"2020-03-02T19:49:26","modified_gmt":"2020-03-02T22:49:26","slug":"nueva-galia-vibro-con-el-caldenazo-el-14-festival-del-calden-se-cerro-con-todo","status":"publish","type":"post","link":"https:\/\/oasisfm935.com.ar\/site\/nueva-galia-vibro-con-el-caldenazo-el-14-festival-del-calden-se-cerro-con-todo\/","title":{"rendered":"NUEVA GALIA VIBR\u00d3 CON EL \u201cCALDENAZO\u201d El 14\u00b0 Festival del Cald\u00e9n se cerr\u00f3 con todo"},"content":{"rendered":"<p><strong>Con otra multitudinaria asistencia de p\u00fablico, con mucha m\u00fasica, ritmo, baile y color, el \u201cCaldenazo 2020\u201d lleg\u00f3 a su fin en la madrugada de este lunes en Nueva Galia y luego de tres espectaculares jornadas que adem\u00e1s mostr\u00f3 las tradiciones gauchas con jineteadas, entabladas y mucha destrezas criollas. La fiesta fue total y as\u00ed lo entendieron los fan\u00e1ticos que le dieron un marco extraordinario, asociado con un clima inmejorable durante los tres d\u00edas.<\/strong><\/p>\n<p><img decoding=\"async\" src=\"http:\/\/agenciasanluis.com\/wp-content\/uploads\/2020\/02\/cd229f09-fabf-434d-87db-99288b24e85f.jpg\" \/><\/p>\n<p>D\u00eda viernes<\/p>\n<p>La actividad comenz\u00f3 con las primeras rondas de jineteadas en las que participan protagonistas de todo el pa\u00eds. Animados por los payadores y relatores, los jinetes sacaron a relucir todo su coraje y habilidades e hicieron delirar a los miles de fan\u00e1ticos que viajaron hasta Nueva Galia, para disfrutar de un encuentro \u00fanico.<br \/>\nEn campings, casas, hoster\u00edas, hoteles y lugares habilitados por la comuna de la localidad, miles de turistas se instalaron para disfrutar de las tres jornadas de folclore, m\u00fasica tropical y los mejores caballos del pa\u00eds.<\/p>\n<p><img decoding=\"async\" src=\"http:\/\/agenciasanluis.com\/wp-content\/uploads\/2020\/02\/503315ca-91fd-44e8-97f2-062b2f2320cf.jpg\" \/><\/p>\n<p>&nbsp;<\/p>\n<p>Alberto, en nombre del pueblo de San Luis, tambi\u00e9n recibi\u00f3 una rastra con elementos de plata con la figura de un cald\u00e9n, el \u00e1rbol aut\u00f3ctono de la zona. La entrega estuvo a cargo de Berrueta en representaci\u00f3n de todos los jinetes, animadores, payadores y asistentes que le dan vida al festival.<br \/>\nAcompa\u00f1ado por Freixes y el secretario general de la Gobernaci\u00f3n, Alberto Rodr\u00edguez Sa\u00e1, el primer mandatario mostr\u00f3 cada obsequio recibido y la gente lo ovacion\u00f3.<\/p>\n<p><img decoding=\"async\" src=\"http:\/\/agenciasanluis.com\/wp-content\/uploads\/2020\/02\/9265fb17-d95f-4557-be74-39aa04845c52.jpg\" \/><\/p>\n<p>Tras la ceremonia inaugural lleg\u00f3 el turno de la m\u00fasica y Los Caldenes subieron al escenario y mostraron su repertorio folcl\u00f3rico que la gente aplaudi\u00f3.<\/p>\n<p><img decoding=\"async\" src=\"https:\/\/scontent.frsa4-1.fna.fbcdn.net\/v\/t1.0-9\/88984595_2618662425032704_1819046974888869888_n.jpg?_nc_cat=104&amp;_nc_sid=110474&amp;_nc_oc=AQlcAH2CjS1y3qx91b9H-GA8sk6F3F_Mhy_0UHhscZaC9Tji0b40yonRBcTa5BiXYGo&amp;_nc_ht=scontent.frsa4-1.fna&amp;oh=d59f21c9818c73a981182b5ed8e05bc3&amp;oe=5E98A2E0\" alt=\"La imagen puede contener: 1 persona, de pie y barba\" \/><\/p>\n<p>Pero, tras ellos, hubo tiempo para la segunda ronda de doma y la gente se entusiasm\u00f3 con la habilidad de los mejores jinetes del pa\u00eds.<\/p>\n<p>Cuando los caballos cerraron su show, la m\u00fasica cop\u00f3 la noche y ya casi en madrugada el Indio Lucio Rojas, primero, y Los Campedrinos despu\u00e9s, hicieron delirar al p\u00fablico.<\/p>\n<p><img decoding=\"async\" src=\"https:\/\/scontent.frsa4-1.fna.fbcdn.net\/v\/t1.0-9\/89035746_2618662535032693_604024422185041920_n.jpg?_nc_cat=104&amp;_nc_sid=110474&amp;_nc_oc=AQnnUSR9UG_i9mJhm8Rb58doyNybDIJvIMC0OuHqLRdom6dsf7GjqF-kyk5NQvgJnE0&amp;_nc_ht=scontent.frsa4-1.fna&amp;oh=37e4112bbab4f1abfddaf1804a244c86&amp;oe=5E84B8A2\" alt=\"La imagen puede contener: 7 personas, multitud y concierto\" \/><\/p>\n<p><img decoding=\"async\" src=\"https:\/\/scontent.frsa4-1.fna.fbcdn.net\/v\/t1.0-9\/89023722_2618662621699351_9158189122089648128_n.jpg?_nc_cat=100&amp;_nc_sid=110474&amp;_nc_oc=AQm8_wOlFQt6jrY61cBMWmd8OnbZaRDoKTK4EB5pIQ3krB_OR1VOD8I0g0Wh0NKNP3o&amp;_nc_ht=scontent.frsa4-1.fna&amp;oh=8672c2cd3f5b340f0c94f99e0274401b&amp;oe=5E813A3A\" alt=\"La imagen puede contener: una o varias personas, personas en el escenario, personas de pie y personas tocando instrumentos musicales\" \/><\/p>\n<p>Luego, Los Palmeras llegaron al escenario mayor de Nueva Galia, toda la gente baj\u00f3 de las tribunas, cruz\u00f3 por la gramilla el campo de doma, y a pura cumbia hicieron cantar y bailar al p\u00fablico con sus mejores hits.<\/p>\n<p><img decoding=\"async\" src=\"https:\/\/scontent.frsa4-1.fna.fbcdn.net\/v\/t1.0-9\/85178279_2618662735032673_6241286005979086848_n.jpg?_nc_cat=105&amp;_nc_sid=110474&amp;_nc_oc=AQnQ2oGGyXld2qNqCX9O7xIaD7RjE4WO7oDsYFgw565XT310SaSPZbHYjn-Bk471BK8&amp;_nc_ht=scontent.frsa4-1.fna&amp;oh=cfa20313f462362c8c60eab93efadb5f&amp;oe=5E83F5A0\" alt=\"La imagen puede contener: 2 personas, personas en el escenario y personas tocando instrumentos musicales\" \/><\/p>\n<p>&nbsp;<\/p>\n<p>En esta segunda jornada las jineteadas dieron su mejor espect\u00e1culo, el p\u00fablico disfrut\u00f3 nuevamente con las tropillas entabladas para luego delirar con las presentaciones de Los Fulanos, Los Tekis, Parranderos R\u00edo V, el \u201cChaque\u00f1o\u201d Palaveccino, Banda XXI y ATR Cumbia, entre otros grandes artistas<\/p>\n<p>&nbsp;<\/p>\n<p><img decoding=\"async\" src=\"http:\/\/agenciasanluis.com\/wp-content\/uploads\/2020\/03\/92d95f8d-6832-44b6-b395-a8cb17215ff7.jpg\" \/><\/p>\n<p><img decoding=\"async\" src=\"http:\/\/agenciasanluis.com\/wp-content\/uploads\/2020\/02\/92644b3f-c082-4930-8bae-9e8779165af6.jpg\" \/><\/p>\n<p>&nbsp;<\/p>\n<p><img decoding=\"async\" src=\"http:\/\/agenciasanluis.com\/wp-content\/uploads\/2020\/02\/a1ca85e8-ad50-4d6d-858f-348018fe179a.jpg\" \/><\/p>\n<p>Tambi\u00e9n la apertura oficial de la segunda noche fue muy aplaudida por los m\u00e1s de 25 mil espectadores presentes con una recepci\u00f3n y acompa\u00f1amiento excelente .Desde cualquier rinc\u00f3n del estadio las gradas lucieron repletas y la gente buscaba lugar en el suelo para disfrutar del espect\u00e1culo.<\/p>\n<p><img decoding=\"async\" src=\"http:\/\/agenciasanluis.com\/wp-content\/uploads\/2020\/03\/19eb1caf-35fd-4365-9301-e57525ab889d.jpg\" \/><\/p>\n<p>La jornada dominguera arranc\u00f3 muy temprano, all\u00e1 por las 13:30 cuando se comenz\u00f3 a desarrollar la \u00faltima grilla de artistas, espect\u00e1culo gauchesco y entrega de premios.<\/p>\n<p><img decoding=\"async\" src=\"http:\/\/agenciasanluis.com\/wp-content\/uploads\/2020\/03\/7386f55a-a414-4fe2-bc3e-30a09046a53b.jpg\" \/><\/p>\n<p>El grupo La Firma fue el encargado de abrir la fiesta apenas pasado el mediod\u00eda. Luego vinieron las presentaciones de D\u00fao Lucero, Las Voces del Fort\u00edn, Mat\u00edas y la Junta, El Entrevero, Los Alma, Vendaval, Javier Chirino y Renacer Chamamecero, teloneros de lo que iba ser luego el cierre magistral y a todo ritmo de Damas Gratis, Banda Sabor y Q\u2019Lokura, que hicieron bailar y delirar a los miles de espectadores que colmaron las instalaciones del estadio \u201cJulio Freixes\u201d.<\/p>\n<p><img decoding=\"async\" src=\"http:\/\/agenciasanluis.com\/wp-content\/uploads\/2020\/03\/1f74ef57-04c2-4a92-b675-243a2f24ef10.jpg\" \/><\/p>\n<p>Entre n\u00famero y n\u00famero hubo nuevas jineteadas y entabladas de tropillas, para definir los ganadores de cada categor\u00eda. Tambi\u00e9n y como en cada noche, se realiz\u00f3 la ceremonia de apertura en el horario central de las 22:00, donde la se\u00f1al de Cr\u00f3nica TV, comenz\u00f3 con su transmisi\u00f3n para los televidentes de todo el pa\u00eds.<\/p>\n<p>Tras la consagraci\u00f3n en las diferentes especialidades, los organizadores encabezado por Sergio Freixes, jefe del Programa Festivales Puntanos junto al vicegobenador de la provincia, Eduardo Mones Ruiz, premiaron a todos los ganadores en una emotiva ceremonia y ante el sostenido aplauso de la gente.<\/p>\n<p><img decoding=\"async\" src=\"http:\/\/agenciasanluis.com\/wp-content\/uploads\/2020\/03\/546ba7e9-8029-4fd2-b83c-49aa536adca3.jpg\" \/><\/p>\n<p>De esta manera pas\u00f3 otra gran edici\u00f3n del festival que cada vez se mete m\u00e1s en los corazones de los puntanos y que se replica en toda Argentina como uno de los mejores por su esencia nacional, por sus tradiciones, por la organizaci\u00f3n y por la jerarqu\u00eda de los artistas que se presentan. Cay\u00f3 el tel\u00f3n y el \u201cCaldenazo\u201d dijo \u201chasta 2021\u201d cuando se vuelva a reencontrar con su p\u00fablico.<\/p>\n<p>&nbsp;<\/p>\n<p>&nbsp;<\/p>\n<p>&nbsp;<\/p>\n<div class=\"oasis-despues-del-contenido\" id=\"oasis-928806186\"><img loading=\"lazy\" decoding=\"async\" src=\"https:\/\/oasisfm935.com.ar\/site\/wp-content\/uploads\/2020\/08\/47806202-8741-49f2-a5c9-d2f930e5baa1.jpg\" alt=\"\"  srcset=\"https:\/\/oasisfm935.com.ar\/site\/wp-content\/uploads\/2020\/08\/47806202-8741-49f2-a5c9-d2f930e5baa1.jpg 1080w, https:\/\/oasisfm935.com.ar\/site\/wp-content\/uploads\/2020\/08\/47806202-8741-49f2-a5c9-d2f930e5baa1-300x300.jpg 300w, https:\/\/oasisfm935.com.ar\/site\/wp-content\/uploads\/2020\/08\/47806202-8741-49f2-a5c9-d2f930e5baa1-1024x1024.jpg 1024w, https:\/\/oasisfm935.com.ar\/site\/wp-content\/uploads\/2020\/08\/47806202-8741-49f2-a5c9-d2f930e5baa1-150x150.jpg 150w, https:\/\/oasisfm935.com.ar\/site\/wp-content\/uploads\/2020\/08\/47806202-8741-49f2-a5c9-d2f930e5baa1-768x768.jpg 768w\" sizes=\"(max-width: 1080px) 100vw, 1080px\" class=\"no-lazyload\" width=\"1080\" height=\"1080\"  style=\"display: inline-block;\" \/><\/div>","protected":false},"excerpt":{"rendered":"<p>Con otra multitudinaria asistencia de p\u00fablico, con mucha m\u00fasica, ritmo, baile y color, el \u201cCaldenazo 2020\u201d lleg\u00f3 a su fin en la<\/p>\n","protected":false},"author":4,"featured_media":3660,"comment_status":"closed","ping_status":"open","sticky":false,"template":"","format":"standard","meta":{"colormag_page_layout":"default_layout","footnotes":""},"categories":[2],"tags":[],"class_list":["post-3659","post","type-post","status-publish","format-standard","has-post-thumbnail","hentry","category-noticias"],"_links":{"self":[{"href":"https:\/\/oasisfm935.com.ar\/site\/wp-json\/wp\/v2\/posts\/3659","targetHints":{"allow":["GET"]}}],"collection":[{"href":"https:\/\/oasisfm935.com.ar\/site\/wp-json\/wp\/v2\/posts"}],"about":[{"href":"https:\/\/oasisfm935.com.ar\/site\/wp-json\/wp\/v2\/types\/post"}],"author":[{"embeddable":true,"href":"https:\/\/oasisfm935.com.ar\/site\/wp-json\/wp\/v2\/users\/4"}],"replies":[{"embeddable":true,"href":"https:\/\/oasisfm935.com.ar\/site\/wp-json\/wp\/v2\/comments?post=3659"}],"version-history":[{"count":1,"href":"https:\/\/oasisfm935.com.ar\/site\/wp-json\/wp\/v2\/posts\/3659\/revisions"}],"predecessor-version":[{"id":3661,"href":"https:\/\/oasisfm935.com.ar\/site\/wp-json\/wp\/v2\/posts\/3659\/revisions\/3661"}],"wp:featuredmedia":[{"embeddable":true,"href":"https:\/\/oasisfm935.com.ar\/site\/wp-json\/wp\/v2\/media\/3660"}],"wp:attachment":[{"href":"https:\/\/oasisfm935.com.ar\/site\/wp-json\/wp\/v2\/media?parent=3659"}],"wp:term":[{"taxonomy":"category","embeddable":true,"href":"https:\/\/oasisfm935.com.ar\/site\/wp-json\/wp\/v2\/categories?post=3659"},{"taxonomy":"post_tag","embeddable":true,"href":"https:\/\/oasisfm935.com.ar\/site\/wp-json\/wp\/v2\/tags?post=3659"}],"curies":[{"name":"wp","href":"https:\/\/api.w.org\/{rel}","templated":true}]}}