{"id":3667,"date":"2020-03-04T12:23:01","date_gmt":"2020-03-04T15:23:01","guid":{"rendered":"http:\/\/oasisfm935.com\/site\/?p=3667"},"modified":"2020-03-04T12:27:56","modified_gmt":"2020-03-04T15:27:56","slug":"lavin-inauguro-las-sesionesnuestro-compromiso-es-sostener-el-piso-de-bienestar-de-la-gente","status":"publish","type":"post","link":"https:\/\/oasisfm935.com.ar\/site\/lavin-inauguro-las-sesionesnuestro-compromiso-es-sostener-el-piso-de-bienestar-de-la-gente\/","title":{"rendered":"Lavin inaugur\u00f3 las sesiones:\u201dNuestro compromiso es sostener el piso de bienestar de la gente\u201d"},"content":{"rendered":"<p>Ante un buen n\u00famero de vecinos y referentes de instituciones intermedias, la intendenta de Ingeniero Luiggi Patricia Lavin inaugur\u00f3 en la noche del martes el periodo de sesiones ordinarias 2020.<\/p>\n<p>En la oportunidad estuvo acompa\u00f1ada por los concejales de los distintos bloques y tambi\u00e9n estuvo presente en el Auditorio Municipal el exintendente y diputado provincial Oscar Zanoli.<\/p>\n<p>Adem\u00e1s se sumaron autoridades policiales, educativas, y vecinos en general.<\/p>\n<blockquote><p><strong>No es un hecho menor que es la primera intendenta mujer en inaugurar una sesi\u00f3n ordinaria en la historia de esta localidad.<\/strong><\/p>\n<p><img decoding=\"async\" src=\"https:\/\/www.zonalnoticias.com\/images\/lavin_apertura_de_sesiones_publico.jpg\" \/><\/p>\n<p>Tras la sesi\u00f3n inaugural, la jefa comunal dialog\u00f3 con\u00a0<strong>Zonal Noticias<\/strong>\u00a0y las radios luiggenses, para ampliar algunos de los conceptos vertidos.<\/p>\n<p>En este sentido destac\u00f3: \u201c<strong>Sostener el piso de bienestar es una de las priodidades de nuestra gesti\u00f3n, tenemos que asegurar el acceder a derechos b\u00e1sicos a nuestra problaci\u00f3n en primer lugar, por eso es reconfortante ver c\u00f3mo el programa nacional Argentina contra el hambre lleg\u00f3 a nuestra localidad, porque realmente viene a dar una respuesta a la demanda de acceso a la alimentaci\u00f3n que estamos teniendo\u201d.<\/strong><\/p>\n<p>\u201cCon este programa alimentario cambia el panorama, no s\u00f3lo para la gente que recibe la Tarjeta AlimentAR, sino tambi\u00e9n para los comercios del pueblo\u201d, resalt\u00f3.<\/p>\n<p>Lavin se refiri\u00f3 tambi\u00e9n al tema viviendas porque \u201c<strong>aumentar\u00e1 a un 75 por ciento el aporte que destinar\u00e1 el gobierno provincial para la construcci\u00f3n de viviendas, que formar\u00e1n parte de una operatoria similar al Plan Mi Casa\u201d.<\/strong><\/p>\n<p>\u201cEstamos esperando a que nos convoquen para ver si hay alguna modificaci\u00f3n en los requisitos y as\u00ed poder informar a la poblaci\u00f3n\u201d, expres\u00f3.<\/p>\n<p>En este sentido la intendenta explic\u00f3 que en Ingeniero Luiggi la demanda de viviendas asciende a los\u00a0<strong>300 inscriptos<\/strong>.<\/p>\n<p><strong>\u201cEs alta la\u00a0 demanda, la \u00faltima entrega de planes de viviendas sociales fue en el 2015, luego hubo un parate y en esos a\u00f1os las familias siguieron creciendo\u201d,<\/strong>\u00a0indic\u00f3.<\/p>\n<p>Record\u00f3 que la implementaci\u00f3n del\u00a0<strong>\u00a0programa Mi Casa<\/strong>\u00a0\u00abfue una alternativa del gobierno provincial ante la ausencia de viviendas sociales desde Naci\u00f3n\u00bb.<\/p>\n<p>Asegur\u00f3 que la negociaci\u00f3n de la deuda es \u00abfundamental para acceder a viviendas de Naci\u00f3n y\u00a0 a m\u00e1s empleo para la provincia\u00bb.<\/p>\n<p>En este sentido resalt\u00f3: \u201c<strong>necesitamos estos planes sociales por eso estamos esperando que el gobierno nacional finalmente negocie la deuda y a partir de all\u00ed determine cu\u00e1l es el cupo que podr\u00e1 dar a nuestra provincia\u201d.<\/strong><\/p>\n<p><img decoding=\"async\" src=\"https:\/\/www.zonalnoticias.com\/images\/lavin_apertura_de_sesiones.jpg\" \/><\/p>\n<p><strong>Pedido de informes<\/strong><\/p>\n<p>Lavin se refiri\u00f3 tambi\u00e9n al pedido de informes del bloque de la UCR.<\/p>\n<p>En este sentido destac\u00f3 \u201csiempre que sea para evacuar dudas, no hay ningun problema, nosotros estamos para eso, ya sea asistiendo personalmente al Concejo o respondiendo por escrito\u201d.<\/p>\n<p>\u201cLa independia de poderes est\u00e1 y \u00a0siempre que sea para acceder a informaci\u00f3n, no hay ning\u00fan problema y no va a haber resistencia del Ejecutivo en ofrecer la informaci\u00f3n requerida\u201d, explic\u00f3.<\/p>\n<p>Lavin anunci\u00f3 que \u00abse est\u00e1 haciendo pavimento\u00a0 nuevo, est\u00e1n repavimentando algunas cuadras, se hizo un mantenimiento en 25 calles de tierra, se har\u00e1 limpieza \u00a0\u00a0de cordones, vamos a pintar, queremos destinar recursos para el mantenimiento de calles que \u201cse vieron muy deterioradas por la inundaci\u00f3n y donde se est\u00e1n haciendo trabajos de bacheo\u201d.<\/p>\n<p>En relaci\u00f3n al Jard\u00edn de Infantes que qued\u00f3 inconcluso, se\u00f1al\u00f3<strong>\u00a0\u201cfinalmente la provincia se va a hacer cargo de finalizarlo, ya sali\u00f3 a licitaci\u00f3n la obra y vamos a esperar que tengamos el edificio concluido porque realmente es una necesidad\u201d.<\/strong><\/p>\n<p><strong>En su discurso Lavin se explay\u00f3 sobre el funcionamiento en diversas \u00e1reas del municipio, habl\u00f3 sobre las pol\u00edticas\u00a0 para la primera infancia a trav\u00e9s del trabajo que se hace en la Unidad Local de Derechos y el Centro de Desarrollo Infantil.<\/strong><\/p>\n<p>Tambi\u00e9n\u00a0 se refiri\u00f3 a las acciones en relaci\u00f3n a los adultos mayores, hacia los j\u00f3venes,\u00a0 habl\u00f3 tambi\u00e9n de la proliferaci\u00f3n de los perros callejeros, y de un proeycto para trabajar la problem\u00e1tica, entre otros aspectos de un amplio discurso.<\/p><\/blockquote>\n<div class=\"oasis-despues-del-contenido\" id=\"oasis-4141400131\"><img loading=\"lazy\" decoding=\"async\" src=\"https:\/\/oasisfm935.com.ar\/site\/wp-content\/uploads\/2020\/08\/47806202-8741-49f2-a5c9-d2f930e5baa1.jpg\" alt=\"\"  srcset=\"https:\/\/oasisfm935.com.ar\/site\/wp-content\/uploads\/2020\/08\/47806202-8741-49f2-a5c9-d2f930e5baa1.jpg 1080w, https:\/\/oasisfm935.com.ar\/site\/wp-content\/uploads\/2020\/08\/47806202-8741-49f2-a5c9-d2f930e5baa1-300x300.jpg 300w, https:\/\/oasisfm935.com.ar\/site\/wp-content\/uploads\/2020\/08\/47806202-8741-49f2-a5c9-d2f930e5baa1-1024x1024.jpg 1024w, https:\/\/oasisfm935.com.ar\/site\/wp-content\/uploads\/2020\/08\/47806202-8741-49f2-a5c9-d2f930e5baa1-150x150.jpg 150w, https:\/\/oasisfm935.com.ar\/site\/wp-content\/uploads\/2020\/08\/47806202-8741-49f2-a5c9-d2f930e5baa1-768x768.jpg 768w\" sizes=\"(max-width: 1080px) 100vw, 1080px\" class=\"no-lazyload\" width=\"1080\" height=\"1080\"  style=\"display: inline-block;\" \/><\/div>","protected":false},"excerpt":{"rendered":"<p>Ante un buen n\u00famero de vecinos y referentes de instituciones intermedias, la intendenta de Ingeniero Luiggi Patricia Lavin inaugur\u00f3 en la noche<\/p>\n","protected":false},"author":4,"featured_media":3668,"comment_status":"closed","ping_status":"open","sticky":false,"template":"","format":"standard","meta":{"colormag_page_layout":"default_layout","footnotes":""},"categories":[2],"tags":[],"class_list":["post-3667","post","type-post","status-publish","format-standard","has-post-thumbnail","hentry","category-noticias"],"_links":{"self":[{"href":"https:\/\/oasisfm935.com.ar\/site\/wp-json\/wp\/v2\/posts\/3667","targetHints":{"allow":["GET"]}}],"collection":[{"href":"https:\/\/oasisfm935.com.ar\/site\/wp-json\/wp\/v2\/posts"}],"about":[{"href":"https:\/\/oasisfm935.com.ar\/site\/wp-json\/wp\/v2\/types\/post"}],"author":[{"embeddable":true,"href":"https:\/\/oasisfm935.com.ar\/site\/wp-json\/wp\/v2\/users\/4"}],"replies":[{"embeddable":true,"href":"https:\/\/oasisfm935.com.ar\/site\/wp-json\/wp\/v2\/comments?post=3667"}],"version-history":[{"count":1,"href":"https:\/\/oasisfm935.com.ar\/site\/wp-json\/wp\/v2\/posts\/3667\/revisions"}],"predecessor-version":[{"id":3669,"href":"https:\/\/oasisfm935.com.ar\/site\/wp-json\/wp\/v2\/posts\/3667\/revisions\/3669"}],"wp:featuredmedia":[{"embeddable":true,"href":"https:\/\/oasisfm935.com.ar\/site\/wp-json\/wp\/v2\/media\/3668"}],"wp:attachment":[{"href":"https:\/\/oasisfm935.com.ar\/site\/wp-json\/wp\/v2\/media?parent=3667"}],"wp:term":[{"taxonomy":"category","embeddable":true,"href":"https:\/\/oasisfm935.com.ar\/site\/wp-json\/wp\/v2\/categories?post=3667"},{"taxonomy":"post_tag","embeddable":true,"href":"https:\/\/oasisfm935.com.ar\/site\/wp-json\/wp\/v2\/tags?post=3667"}],"curies":[{"name":"wp","href":"https:\/\/api.w.org\/{rel}","templated":true}]}}