{"id":3670,"date":"2020-03-04T13:01:01","date_gmt":"2020-03-04T16:01:01","guid":{"rendered":"http:\/\/oasisfm935.com\/site\/?p=3670"},"modified":"2020-03-04T13:01:49","modified_gmt":"2020-03-04T16:01:49","slug":"calor-educacion-recomienda-no-obligar-a-llevar-el-guardapolvo","status":"publish","type":"post","link":"https:\/\/oasisfm935.com.ar\/site\/calor-educacion-recomienda-no-obligar-a-llevar-el-guardapolvo\/","title":{"rendered":"Calor: Educaci\u00f3n recomienda no obligar a llevar el guardapolvo"},"content":{"rendered":"<p>&nbsp;<\/p>\n<p>El ministro de Educaci\u00f3n de la provincia, Pablo Maccione, adelant\u00f3 a Diario Textual que est\u00e1n monitoreando la situaci\u00f3n en las escuelas en medio de la ola de calor ante una posible suspensi\u00f3n de las clases. Por lo pronto,\u00a0<strong>recomend\u00f3 a los docentes que eviten el uso obligatorio del guardapolvo y las actividades f\u00edsicas a los alumnos y alumnas.<\/strong><\/p>\n<p>El Servicio Meteorol\u00f3gico Nacional mantiene vigente desde este lunes un alerta por ola de calor para la capital pampeana con temperaturas que podr\u00edan alcanzar los 38 grados cent\u00edgrados.<\/p>\n<div class=\"g g-2\">\n<div class=\"g-single a-8\">\n<p>\u201cPor ahora las clases contin\u00faan con normalidad, pero estamos recomendando a los alumnos y alumnas que acudan a la escuela con agua fresca, ropa liviana y <strong>a los docentes que eviten la obligatoriedad del guardapolvo y la realizaci\u00f3n de actividades f\u00edsicas\u201d<\/strong>, confirm\u00f3 el ministro a Diario Textual.<\/p>\n<\/div>\n<\/div>\n<p>Este tipo de alerta del SMN precisa que las temperaturas registradas pueden ser peligrosas para los grupos de riesgo es decir beb\u00e9s, ni\u00f1os peque\u00f1os, personas mayores de 65 a\u00f1os y enfermos cr\u00f3nicos.<\/p>\n<p>En ese sentido, la Uni\u00f3n de Trabajadores de la Educaci\u00f3n de La Pampa (<strong>Utelpa<\/strong>) record\u00f3 que\u00a0<strong>\u201cel Estado tiene la responsabilidad de garantizar las condiciones m\u00ednimas\u201d<\/strong>\u00a0para el funcionamiento de los edificios escolares.<\/p>\n<p>En particular, y respecto de la ola de calor reinante por estos d\u00edas en la regi\u00f3n, el sindicato docente record\u00f3 que se debe garantizar en todas las escuelas de la provincia entre otros aspectos, lo siguiente:<\/p>\n<p>-Provisi\u00f3n permanente de agua potable.<\/p>\n<p>-Provisi\u00f3n de agua fresca para consumo de los alumnos, trabajadores de la educaci\u00f3n y personal no docente.<\/p>\n<p>-Controlar que los artefactos el\u00e9ctricos de ventilaci\u00f3n se encuentren en \u00f3ptimas condiciones de funcionamiento.<\/p>\n<p>-Permitir que en todos los establecimientos los alumnos puedan permanecer sin delantales\/uniformes dentro de los mismos. (c\u00f3modos de ropa)<\/p>\n<p>-Que las actividades desarrolladas en educaci\u00f3n f\u00edsica, no representen un esfuerzo considerado que afecte la salud de los alumnos.<\/p>\n<p>Asimismo, record\u00f3 que -a partir del acuerdo alcanzado en la Comisi\u00f3n Mixta de Salud y Seguridad e Higiene en el Trabajo- en los establecimientos donde no se logre garantizar estas pautas,\u00a0 el equipo directivo junto a la comunidad educativa escolar\u00a0<strong>podr\u00e1n suspender temporalmente las clases<\/strong>, informando a la Coordinaci\u00f3n que corresponda.<\/p>\n<div class=\"oasis-despues-del-contenido\" id=\"oasis-4118586120\"><img loading=\"lazy\" decoding=\"async\" src=\"https:\/\/oasisfm935.com.ar\/site\/wp-content\/uploads\/2020\/08\/47806202-8741-49f2-a5c9-d2f930e5baa1.jpg\" alt=\"\"  srcset=\"https:\/\/oasisfm935.com.ar\/site\/wp-content\/uploads\/2020\/08\/47806202-8741-49f2-a5c9-d2f930e5baa1.jpg 1080w, https:\/\/oasisfm935.com.ar\/site\/wp-content\/uploads\/2020\/08\/47806202-8741-49f2-a5c9-d2f930e5baa1-300x300.jpg 300w, https:\/\/oasisfm935.com.ar\/site\/wp-content\/uploads\/2020\/08\/47806202-8741-49f2-a5c9-d2f930e5baa1-1024x1024.jpg 1024w, https:\/\/oasisfm935.com.ar\/site\/wp-content\/uploads\/2020\/08\/47806202-8741-49f2-a5c9-d2f930e5baa1-150x150.jpg 150w, https:\/\/oasisfm935.com.ar\/site\/wp-content\/uploads\/2020\/08\/47806202-8741-49f2-a5c9-d2f930e5baa1-768x768.jpg 768w\" sizes=\"(max-width: 1080px) 100vw, 1080px\" class=\"no-lazyload\" width=\"1080\" height=\"1080\"  style=\"display: inline-block;\" \/><\/div>","protected":false},"excerpt":{"rendered":"<p>&nbsp; El ministro de Educaci\u00f3n de la provincia, Pablo Maccione, adelant\u00f3 a Diario Textual que est\u00e1n monitoreando la situaci\u00f3n en las escuelas<\/p>\n","protected":false},"author":4,"featured_media":3671,"comment_status":"closed","ping_status":"open","sticky":false,"template":"","format":"standard","meta":{"colormag_page_layout":"default_layout","footnotes":""},"categories":[2],"tags":[],"class_list":["post-3670","post","type-post","status-publish","format-standard","has-post-thumbnail","hentry","category-noticias"],"_links":{"self":[{"href":"https:\/\/oasisfm935.com.ar\/site\/wp-json\/wp\/v2\/posts\/3670","targetHints":{"allow":["GET"]}}],"collection":[{"href":"https:\/\/oasisfm935.com.ar\/site\/wp-json\/wp\/v2\/posts"}],"about":[{"href":"https:\/\/oasisfm935.com.ar\/site\/wp-json\/wp\/v2\/types\/post"}],"author":[{"embeddable":true,"href":"https:\/\/oasisfm935.com.ar\/site\/wp-json\/wp\/v2\/users\/4"}],"replies":[{"embeddable":true,"href":"https:\/\/oasisfm935.com.ar\/site\/wp-json\/wp\/v2\/comments?post=3670"}],"version-history":[{"count":1,"href":"https:\/\/oasisfm935.com.ar\/site\/wp-json\/wp\/v2\/posts\/3670\/revisions"}],"predecessor-version":[{"id":3672,"href":"https:\/\/oasisfm935.com.ar\/site\/wp-json\/wp\/v2\/posts\/3670\/revisions\/3672"}],"wp:featuredmedia":[{"embeddable":true,"href":"https:\/\/oasisfm935.com.ar\/site\/wp-json\/wp\/v2\/media\/3671"}],"wp:attachment":[{"href":"https:\/\/oasisfm935.com.ar\/site\/wp-json\/wp\/v2\/media?parent=3670"}],"wp:term":[{"taxonomy":"category","embeddable":true,"href":"https:\/\/oasisfm935.com.ar\/site\/wp-json\/wp\/v2\/categories?post=3670"},{"taxonomy":"post_tag","embeddable":true,"href":"https:\/\/oasisfm935.com.ar\/site\/wp-json\/wp\/v2\/tags?post=3670"}],"curies":[{"name":"wp","href":"https:\/\/api.w.org\/{rel}","templated":true}]}}