{"id":3680,"date":"2020-03-06T12:30:15","date_gmt":"2020-03-06T15:30:15","guid":{"rendered":"http:\/\/oasisfm935.com\/site\/?p=3680"},"modified":"2020-03-06T12:30:15","modified_gmt":"2020-03-06T15:30:15","slug":"durango-sobre-el-aborto-legal-creo-que-en-el-senado-vamos-a-llegar-con-los-votos-a-favor","status":"publish","type":"post","link":"https:\/\/oasisfm935.com.ar\/site\/durango-sobre-el-aborto-legal-creo-que-en-el-senado-vamos-a-llegar-con-los-votos-a-favor\/","title":{"rendered":"Durango, sobre el aborto legal: \u00abCreo que en el Senado vamos a llegar con los votos a favor\u00bb"},"content":{"rendered":"<p>La senadora nacional\u00a0<strong>Norma Durango<\/strong>\u00a0(PJ LaPampa) se mostr\u00f3 esperanzada en que el Senado apruebe el proyecto para legalizar el aborto que env\u00ede el Poder Ejecutivo en los pr\u00f3ximos d\u00edas.<\/p>\n<p>Como en 2018, la ley se aprobar\u00eda en Diputados pero la incertidumbre contin\u00faa en el Senado, donde en aquella oportunidad se le dijo \u201cno\u201d a la despenalizaci\u00f3n.<\/p>\n<p>\u00abYo creo que el Senado es la C\u00e1mara m\u00e1s dif\u00edcil para la aprobaci\u00f3n y por eso estamos haciendo lo que nosotros llamamos el poroteo y\u00a0<strong>creo que vamos a llegar con los votos a favor\u201d<\/strong>, adelant\u00f3 a Diario Textual. \u201cEsperemos. Esto es lo que anhelamos y para eso estamos trabajando\u201d, se esperanz\u00f3.<\/p>\n<p>\u201cEstamos planteando una ley que no permita m\u00e1s los abortos clandestinos, que no permita m\u00e1s las muertes de las mujeres y que no permita m\u00e1s el gran negocio que tienen algunos m\u00e9dicos, cl\u00ednicas y sanatorios. Y por otro lado, que le den la posibilidad a las mujeres de decidir sobre sus cuerpos\u201d, agreg\u00f3 al legisladora.<\/p>\n<p>Dijo que hay que \u201cexplicarle bien a la gente\u201d el proyecto y que se respetan todas las opiniones.\u00a0<strong>\u201cEl Senado no es se\u00f1orial, no es patriarcal ni conservador, es representante de las provincias y nosotros representamos a los gobernadore<\/strong>s m\u00e1s all\u00e1 de las opiniones personales, representamos a los gobiernos de las provincias\u201d, explic\u00f3.<\/p>\n<p>\u201cA veces hay senadores y senadores -algunos por convicci\u00f3n \u00a0personal- que representan a una sociedad que est\u00e1 en contra del aborto.\u00a0<strong>Y lo que hay que hacer es explicarle bien a la gente que nosotros respetamos todas las opiniones y que decimos que esto no es un problema de creencias sino que es un problema de salud p\u00fablica<\/strong>, y por lo tanto, quien no est\u00e1 a favor del aborto que no se lo haga. La ley no obliga a nadie a hac\u00e9rselo\u201d, cerr\u00f3.<\/p>\n<p>El presidente Alberto Fern\u00e1ndez anunci\u00f3 durante la apertura de sesiones que enviar\u00e1 un proyecto de interrupci\u00f3n voluntaria del embarazo.\u00a0<strong>\u00ab<\/strong><span class=\"css-901oao css-16my406 r-1qd0xha r-ad9z0x r-bcqeeo r-qvutc0\"><strong>En los pr\u00f3ximos 10 d\u00edas presentar\u00e9 un proyecto de ley de interrupci\u00f3n voluntaria del embarazo que legalice el aborto y permita a las mujeres acceder al sistema de salud cuando tomen la decisi\u00f3n de abortar\u00bb<\/strong>, anunci\u00f3.<\/span><\/p>\n<div>\n<p>\u201cSimult\u00e1neamente, desde el Poder Ejecutivo Nacional,\u00a0<strong>lanzaremos un contundente programa de educaci\u00f3n sexual integral y prevenci\u00f3n del embarazo no deseado\u201d, ampli\u00f3 durante su discurso.\u00a0<\/strong><\/p>\n<\/div>\n<div class=\"oasis-despues-del-contenido\" id=\"oasis-628309657\"><img loading=\"lazy\" decoding=\"async\" src=\"https:\/\/oasisfm935.com.ar\/site\/wp-content\/uploads\/2020\/08\/47806202-8741-49f2-a5c9-d2f930e5baa1.jpg\" alt=\"\"  srcset=\"https:\/\/oasisfm935.com.ar\/site\/wp-content\/uploads\/2020\/08\/47806202-8741-49f2-a5c9-d2f930e5baa1.jpg 1080w, https:\/\/oasisfm935.com.ar\/site\/wp-content\/uploads\/2020\/08\/47806202-8741-49f2-a5c9-d2f930e5baa1-300x300.jpg 300w, https:\/\/oasisfm935.com.ar\/site\/wp-content\/uploads\/2020\/08\/47806202-8741-49f2-a5c9-d2f930e5baa1-1024x1024.jpg 1024w, https:\/\/oasisfm935.com.ar\/site\/wp-content\/uploads\/2020\/08\/47806202-8741-49f2-a5c9-d2f930e5baa1-150x150.jpg 150w, https:\/\/oasisfm935.com.ar\/site\/wp-content\/uploads\/2020\/08\/47806202-8741-49f2-a5c9-d2f930e5baa1-768x768.jpg 768w\" sizes=\"(max-width: 1080px) 100vw, 1080px\" class=\"no-lazyload\" width=\"1080\" height=\"1080\"  style=\"display: inline-block;\" \/><\/div>","protected":false},"excerpt":{"rendered":"<p>La senadora nacional\u00a0Norma Durango\u00a0(PJ LaPampa) se mostr\u00f3 esperanzada en que el Senado apruebe el proyecto para legalizar el aborto que env\u00ede el<\/p>\n","protected":false},"author":4,"featured_media":3681,"comment_status":"closed","ping_status":"open","sticky":false,"template":"","format":"standard","meta":{"colormag_page_layout":"default_layout","footnotes":""},"categories":[2],"tags":[],"class_list":["post-3680","post","type-post","status-publish","format-standard","has-post-thumbnail","hentry","category-noticias"],"_links":{"self":[{"href":"https:\/\/oasisfm935.com.ar\/site\/wp-json\/wp\/v2\/posts\/3680","targetHints":{"allow":["GET"]}}],"collection":[{"href":"https:\/\/oasisfm935.com.ar\/site\/wp-json\/wp\/v2\/posts"}],"about":[{"href":"https:\/\/oasisfm935.com.ar\/site\/wp-json\/wp\/v2\/types\/post"}],"author":[{"embeddable":true,"href":"https:\/\/oasisfm935.com.ar\/site\/wp-json\/wp\/v2\/users\/4"}],"replies":[{"embeddable":true,"href":"https:\/\/oasisfm935.com.ar\/site\/wp-json\/wp\/v2\/comments?post=3680"}],"version-history":[{"count":1,"href":"https:\/\/oasisfm935.com.ar\/site\/wp-json\/wp\/v2\/posts\/3680\/revisions"}],"predecessor-version":[{"id":3682,"href":"https:\/\/oasisfm935.com.ar\/site\/wp-json\/wp\/v2\/posts\/3680\/revisions\/3682"}],"wp:featuredmedia":[{"embeddable":true,"href":"https:\/\/oasisfm935.com.ar\/site\/wp-json\/wp\/v2\/media\/3681"}],"wp:attachment":[{"href":"https:\/\/oasisfm935.com.ar\/site\/wp-json\/wp\/v2\/media?parent=3680"}],"wp:term":[{"taxonomy":"category","embeddable":true,"href":"https:\/\/oasisfm935.com.ar\/site\/wp-json\/wp\/v2\/categories?post=3680"},{"taxonomy":"post_tag","embeddable":true,"href":"https:\/\/oasisfm935.com.ar\/site\/wp-json\/wp\/v2\/tags?post=3680"}],"curies":[{"name":"wp","href":"https:\/\/api.w.org\/{rel}","templated":true}]}}