{"id":3689,"date":"2020-03-09T16:09:08","date_gmt":"2020-03-09T19:09:08","guid":{"rendered":"http:\/\/oasisfm935.com\/site\/?p=3689"},"modified":"2020-03-09T16:12:25","modified_gmt":"2020-03-09T19:12:25","slug":"8m-ingeniero-luiggi-se-denomino-dolly-rasello","status":"publish","type":"post","link":"https:\/\/oasisfm935.com.ar\/site\/8m-ingeniero-luiggi-se-denomino-dolly-rasello\/","title":{"rendered":"8M: Ingeniero Luiggi se denomin\u00f3  \u201c Dolly Rasello\u201d."},"content":{"rendered":"<p>En la ma\u00f1ana del Show de la\u00a0 Radio hablamos con Norma Testa, Secretaria de Cultura del Gobierno de Ingeniero Luigi, y Secretaria de Relaciones Institucionales, Ana Liz Elizalde.<\/p>\n<p>Queremos agradecer este espacio que nos brindas, para comentar un poco lo que fue el desarrollo de las actividades del D\u00eda Internacional de la Mujer. Bueno, te contamos un poquito que el d\u00eda lunes empezamos iluminando las instalaciones del edificio municipal, de color violeta, que representa la lucha de las mujeres. Hemos entregado obsequios en todas las actividades, en todas las instituciones dimos pa\u00f1uelitos y otros obsequios.<\/p>\n<p><a href=\"http:\/\/oasisfm935.com\/site\/wp-content\/uploads\/2020\/03\/87601357_2871086449641502_3078793455837642752_o.jpg\"><img loading=\"lazy\" decoding=\"async\" class=\"alignnone size-full wp-image-3691\" src=\"http:\/\/oasisfm935.com\/site\/wp-content\/uploads\/2020\/03\/87601357_2871086449641502_3078793455837642752_o.jpg\" alt=\"\" width=\"2048\" height=\"1365\" srcset=\"https:\/\/oasisfm935.com.ar\/site\/wp-content\/uploads\/2020\/03\/87601357_2871086449641502_3078793455837642752_o.jpg 2048w, https:\/\/oasisfm935.com.ar\/site\/wp-content\/uploads\/2020\/03\/87601357_2871086449641502_3078793455837642752_o-300x200.jpg 300w, https:\/\/oasisfm935.com.ar\/site\/wp-content\/uploads\/2020\/03\/87601357_2871086449641502_3078793455837642752_o-1024x683.jpg 1024w, https:\/\/oasisfm935.com.ar\/site\/wp-content\/uploads\/2020\/03\/87601357_2871086449641502_3078793455837642752_o-768x512.jpg 768w, https:\/\/oasisfm935.com.ar\/site\/wp-content\/uploads\/2020\/03\/87601357_2871086449641502_3078793455837642752_o-1536x1024.jpg 1536w\" sizes=\"auto, (max-width: 2048px) 100vw, 2048px\" \/><\/a> <a href=\"http:\/\/oasisfm935.com\/site\/wp-content\/uploads\/2020\/03\/88110962_2870958556320958_2543221694135271424_o.jpg\"><img loading=\"lazy\" decoding=\"async\" class=\"alignnone size-full wp-image-3692\" src=\"http:\/\/oasisfm935.com\/site\/wp-content\/uploads\/2020\/03\/88110962_2870958556320958_2543221694135271424_o.jpg\" alt=\"\" width=\"960\" height=\"640\" srcset=\"https:\/\/oasisfm935.com.ar\/site\/wp-content\/uploads\/2020\/03\/88110962_2870958556320958_2543221694135271424_o.jpg 960w, https:\/\/oasisfm935.com.ar\/site\/wp-content\/uploads\/2020\/03\/88110962_2870958556320958_2543221694135271424_o-300x200.jpg 300w, https:\/\/oasisfm935.com.ar\/site\/wp-content\/uploads\/2020\/03\/88110962_2870958556320958_2543221694135271424_o-768x512.jpg 768w\" sizes=\"auto, (max-width: 960px) 100vw, 960px\" \/><\/a><\/p>\n<p>Y el d\u00eda mi\u00e9rcoles arrancamos con una jornada que se relacionaba con Deporte y Salud. En esta jornada se sum\u00f3 el hospital local (de Luiggi), y el Consejo de Asistentes Profesionales de la provincia, al cual le agradecemos a estas dos instituciones por las propuestas. Adem\u00e1s, hubo una charla con un a deportista de Buenos Aires, y una futbolista, y luego el Doctor Arizi brind\u00f3 tambi\u00e9n una charla con los aspectos de todos los cuidados f\u00edsicos al momento de hacer deportes.<\/p>\n<p><a href=\"http:\/\/oasisfm935.com\/site\/wp-content\/uploads\/2020\/03\/87375439_2870960499654097_5335144384373456896_o.jpg\"><img loading=\"lazy\" decoding=\"async\" class=\"alignnone size-full wp-image-3693\" src=\"http:\/\/oasisfm935.com\/site\/wp-content\/uploads\/2020\/03\/87375439_2870960499654097_5335144384373456896_o.jpg\" alt=\"\" width=\"2048\" height=\"1365\" srcset=\"https:\/\/oasisfm935.com.ar\/site\/wp-content\/uploads\/2020\/03\/87375439_2870960499654097_5335144384373456896_o.jpg 2048w, https:\/\/oasisfm935.com.ar\/site\/wp-content\/uploads\/2020\/03\/87375439_2870960499654097_5335144384373456896_o-300x200.jpg 300w, https:\/\/oasisfm935.com.ar\/site\/wp-content\/uploads\/2020\/03\/87375439_2870960499654097_5335144384373456896_o-1024x683.jpg 1024w, https:\/\/oasisfm935.com.ar\/site\/wp-content\/uploads\/2020\/03\/87375439_2870960499654097_5335144384373456896_o-768x512.jpg 768w, https:\/\/oasisfm935.com.ar\/site\/wp-content\/uploads\/2020\/03\/87375439_2870960499654097_5335144384373456896_o-1536x1024.jpg 1536w\" sizes=\"auto, (max-width: 2048px) 100vw, 2048px\" \/><\/a> <a href=\"http:\/\/oasisfm935.com\/site\/wp-content\/uploads\/2020\/03\/89071819_2870961212987359_4841812479270977536_o.jpg\"><img loading=\"lazy\" decoding=\"async\" class=\"alignnone size-full wp-image-3694\" src=\"http:\/\/oasisfm935.com\/site\/wp-content\/uploads\/2020\/03\/89071819_2870961212987359_4841812479270977536_o.jpg\" alt=\"\" width=\"2048\" height=\"1365\" srcset=\"https:\/\/oasisfm935.com.ar\/site\/wp-content\/uploads\/2020\/03\/89071819_2870961212987359_4841812479270977536_o.jpg 2048w, https:\/\/oasisfm935.com.ar\/site\/wp-content\/uploads\/2020\/03\/89071819_2870961212987359_4841812479270977536_o-300x200.jpg 300w, https:\/\/oasisfm935.com.ar\/site\/wp-content\/uploads\/2020\/03\/89071819_2870961212987359_4841812479270977536_o-1024x683.jpg 1024w, https:\/\/oasisfm935.com.ar\/site\/wp-content\/uploads\/2020\/03\/89071819_2870961212987359_4841812479270977536_o-768x512.jpg 768w, https:\/\/oasisfm935.com.ar\/site\/wp-content\/uploads\/2020\/03\/89071819_2870961212987359_4841812479270977536_o-1536x1024.jpg 1536w\" sizes=\"auto, (max-width: 2048px) 100vw, 2048px\" \/><\/a><\/p>\n<p>El d\u00eda viernes en el predio del museo se llev\u00f3 a cabo una obra de teatro del grupo de Animarte de Alta Italia. La obra se llam\u00f3 la Casa de Bernarda Alba. Este grupo nos propuso u na puesta en escena distinta, diferente, innovadora desde la perspectiva del teatro \u201cunder\u201d. En esto por suerte la gente lo recibi\u00f3 muy bien esta propuesta, y con gran concurrencia de p\u00fablico, y con esto disfrutamos de una linda tarde.<\/p>\n<p><a href=\"http:\/\/oasisfm935.com\/site\/wp-content\/uploads\/2020\/03\/87270603_2875345389215608_4841547707422081024_o.jpg\"><img loading=\"lazy\" decoding=\"async\" class=\"alignnone size-full wp-image-3695\" src=\"http:\/\/oasisfm935.com\/site\/wp-content\/uploads\/2020\/03\/87270603_2875345389215608_4841547707422081024_o.jpg\" alt=\"\" width=\"2048\" height=\"1365\" srcset=\"https:\/\/oasisfm935.com.ar\/site\/wp-content\/uploads\/2020\/03\/87270603_2875345389215608_4841547707422081024_o.jpg 2048w, https:\/\/oasisfm935.com.ar\/site\/wp-content\/uploads\/2020\/03\/87270603_2875345389215608_4841547707422081024_o-300x200.jpg 300w, https:\/\/oasisfm935.com.ar\/site\/wp-content\/uploads\/2020\/03\/87270603_2875345389215608_4841547707422081024_o-1024x683.jpg 1024w, https:\/\/oasisfm935.com.ar\/site\/wp-content\/uploads\/2020\/03\/87270603_2875345389215608_4841547707422081024_o-768x512.jpg 768w, https:\/\/oasisfm935.com.ar\/site\/wp-content\/uploads\/2020\/03\/87270603_2875345389215608_4841547707422081024_o-1536x1024.jpg 1536w\" sizes=\"auto, (max-width: 2048px) 100vw, 2048px\" \/><\/a> <a href=\"http:\/\/oasisfm935.com\/site\/wp-content\/uploads\/2020\/03\/88183227_2875346552548825_8196251945413902336_o.jpg\"><img loading=\"lazy\" decoding=\"async\" class=\"alignnone size-full wp-image-3696\" src=\"http:\/\/oasisfm935.com\/site\/wp-content\/uploads\/2020\/03\/88183227_2875346552548825_8196251945413902336_o.jpg\" alt=\"\" width=\"2048\" height=\"1365\" srcset=\"https:\/\/oasisfm935.com.ar\/site\/wp-content\/uploads\/2020\/03\/88183227_2875346552548825_8196251945413902336_o.jpg 2048w, https:\/\/oasisfm935.com.ar\/site\/wp-content\/uploads\/2020\/03\/88183227_2875346552548825_8196251945413902336_o-300x200.jpg 300w, https:\/\/oasisfm935.com.ar\/site\/wp-content\/uploads\/2020\/03\/88183227_2875346552548825_8196251945413902336_o-1024x683.jpg 1024w, https:\/\/oasisfm935.com.ar\/site\/wp-content\/uploads\/2020\/03\/88183227_2875346552548825_8196251945413902336_o-768x512.jpg 768w, https:\/\/oasisfm935.com.ar\/site\/wp-content\/uploads\/2020\/03\/88183227_2875346552548825_8196251945413902336_o-1536x1024.jpg 1536w\" sizes=\"auto, (max-width: 2048px) 100vw, 2048px\" \/><\/a><\/p>\n<p>Continuamos el s\u00e1bado con la muestra fotogr\u00e1fica de Eva, su vida, y tambi\u00e9n aqu\u00ed hubo gran concurrencia de vecinos, y terminamos la jornada de la semana ayer domingo, con la colocaci\u00f3n del nombre del pueblo por un d\u00eda, que fue una propuesta de Cultura y del \u00e1rea de la Mujer de la provincia, donde se la agasaj\u00f3 a Doly con el renombramiento del pueblo.<\/p>\n<p><a href=\"http:\/\/oasisfm935.com\/site\/wp-content\/uploads\/2020\/03\/87832827_2879571695459644_1980011783523401728_o.jpg\"><img loading=\"lazy\" decoding=\"async\" class=\"alignnone size-full wp-image-3697\" src=\"http:\/\/oasisfm935.com\/site\/wp-content\/uploads\/2020\/03\/87832827_2879571695459644_1980011783523401728_o.jpg\" alt=\"\" width=\"2048\" height=\"1365\" srcset=\"https:\/\/oasisfm935.com.ar\/site\/wp-content\/uploads\/2020\/03\/87832827_2879571695459644_1980011783523401728_o.jpg 2048w, https:\/\/oasisfm935.com.ar\/site\/wp-content\/uploads\/2020\/03\/87832827_2879571695459644_1980011783523401728_o-300x200.jpg 300w, https:\/\/oasisfm935.com.ar\/site\/wp-content\/uploads\/2020\/03\/87832827_2879571695459644_1980011783523401728_o-1024x683.jpg 1024w, https:\/\/oasisfm935.com.ar\/site\/wp-content\/uploads\/2020\/03\/87832827_2879571695459644_1980011783523401728_o-768x512.jpg 768w, https:\/\/oasisfm935.com.ar\/site\/wp-content\/uploads\/2020\/03\/87832827_2879571695459644_1980011783523401728_o-1536x1024.jpg 1536w\" sizes=\"auto, (max-width: 2048px) 100vw, 2048px\" \/><\/a> <a href=\"http:\/\/oasisfm935.com\/site\/wp-content\/uploads\/2020\/03\/89148701_2876654102418070_2273809347823796224_o.jpg\"><img loading=\"lazy\" decoding=\"async\" class=\"alignnone size-full wp-image-3698\" src=\"http:\/\/oasisfm935.com\/site\/wp-content\/uploads\/2020\/03\/89148701_2876654102418070_2273809347823796224_o.jpg\" alt=\"\" width=\"2048\" height=\"1365\" srcset=\"https:\/\/oasisfm935.com.ar\/site\/wp-content\/uploads\/2020\/03\/89148701_2876654102418070_2273809347823796224_o.jpg 2048w, https:\/\/oasisfm935.com.ar\/site\/wp-content\/uploads\/2020\/03\/89148701_2876654102418070_2273809347823796224_o-300x200.jpg 300w, https:\/\/oasisfm935.com.ar\/site\/wp-content\/uploads\/2020\/03\/89148701_2876654102418070_2273809347823796224_o-1024x683.jpg 1024w, https:\/\/oasisfm935.com.ar\/site\/wp-content\/uploads\/2020\/03\/89148701_2876654102418070_2273809347823796224_o-768x512.jpg 768w, https:\/\/oasisfm935.com.ar\/site\/wp-content\/uploads\/2020\/03\/89148701_2876654102418070_2273809347823796224_o-1536x1024.jpg 1536w\" sizes=\"auto, (max-width: 2048px) 100vw, 2048px\" \/><\/a><\/p>\n<p>Luego continuamos con un paseo de artesanas y emprendedoras, y tambi\u00e9n con gran concurrencia de las mismas, de un gran acompa\u00f1amiento del p\u00fablico en general. Y luego fue la apuesta del escenario de mujeres cantando, con grupos locales, y finalmente cerr\u00f3 Pampi Torres. Siempre hubo gran concurrencia de p\u00fablico en todo momento, la gente muy contenta por las propuestas que hemos llevado a cabo. Y a estas actividades las pensamos continuar, ya que estas son las que la gente nos reclama. As\u00ed que much\u00edsimas gracias a todos por estar, por participar y por sumarse a estas propuestas. Gracias Marcelo. Nos vemos.<\/p>\n<p><a href=\"http:\/\/oasisfm935.com\/site\/wp-content\/uploads\/2020\/03\/87460579_2879574338792713_4926539518162501632_o.jpg\"><img loading=\"lazy\" decoding=\"async\" class=\"alignnone size-full wp-image-3699\" src=\"http:\/\/oasisfm935.com\/site\/wp-content\/uploads\/2020\/03\/87460579_2879574338792713_4926539518162501632_o.jpg\" alt=\"\" width=\"2048\" height=\"1365\" srcset=\"https:\/\/oasisfm935.com.ar\/site\/wp-content\/uploads\/2020\/03\/87460579_2879574338792713_4926539518162501632_o.jpg 2048w, https:\/\/oasisfm935.com.ar\/site\/wp-content\/uploads\/2020\/03\/87460579_2879574338792713_4926539518162501632_o-300x200.jpg 300w, https:\/\/oasisfm935.com.ar\/site\/wp-content\/uploads\/2020\/03\/87460579_2879574338792713_4926539518162501632_o-1024x683.jpg 1024w, https:\/\/oasisfm935.com.ar\/site\/wp-content\/uploads\/2020\/03\/87460579_2879574338792713_4926539518162501632_o-768x512.jpg 768w, https:\/\/oasisfm935.com.ar\/site\/wp-content\/uploads\/2020\/03\/87460579_2879574338792713_4926539518162501632_o-1536x1024.jpg 1536w\" sizes=\"auto, (max-width: 2048px) 100vw, 2048px\" \/><\/a><\/p>\n<p>&nbsp;<\/p>\n<p>Fotos : Gobierno de Ingeniero Luiggi<\/p>\n<p>&nbsp;<\/p>\n<div class=\"oasis-despues-del-contenido\" id=\"oasis-1968545212\"><img loading=\"lazy\" decoding=\"async\" src=\"https:\/\/oasisfm935.com.ar\/site\/wp-content\/uploads\/2020\/08\/47806202-8741-49f2-a5c9-d2f930e5baa1.jpg\" alt=\"\"  srcset=\"https:\/\/oasisfm935.com.ar\/site\/wp-content\/uploads\/2020\/08\/47806202-8741-49f2-a5c9-d2f930e5baa1.jpg 1080w, https:\/\/oasisfm935.com.ar\/site\/wp-content\/uploads\/2020\/08\/47806202-8741-49f2-a5c9-d2f930e5baa1-300x300.jpg 300w, https:\/\/oasisfm935.com.ar\/site\/wp-content\/uploads\/2020\/08\/47806202-8741-49f2-a5c9-d2f930e5baa1-1024x1024.jpg 1024w, https:\/\/oasisfm935.com.ar\/site\/wp-content\/uploads\/2020\/08\/47806202-8741-49f2-a5c9-d2f930e5baa1-150x150.jpg 150w, https:\/\/oasisfm935.com.ar\/site\/wp-content\/uploads\/2020\/08\/47806202-8741-49f2-a5c9-d2f930e5baa1-768x768.jpg 768w\" sizes=\"(max-width: 1080px) 100vw, 1080px\" class=\"no-lazyload\" width=\"1080\" height=\"1080\"  style=\"display: inline-block;\" \/><\/div>","protected":false},"excerpt":{"rendered":"<p>En la ma\u00f1ana del Show de la\u00a0 Radio hablamos con Norma Testa, Secretaria de Cultura del Gobierno de Ingeniero Luigi, y Secretaria<\/p>\n","protected":false},"author":4,"featured_media":3700,"comment_status":"closed","ping_status":"open","sticky":false,"template":"","format":"standard","meta":{"colormag_page_layout":"default_layout","footnotes":""},"categories":[2],"tags":[],"class_list":["post-3689","post","type-post","status-publish","format-standard","has-post-thumbnail","hentry","category-noticias"],"_links":{"self":[{"href":"https:\/\/oasisfm935.com.ar\/site\/wp-json\/wp\/v2\/posts\/3689","targetHints":{"allow":["GET"]}}],"collection":[{"href":"https:\/\/oasisfm935.com.ar\/site\/wp-json\/wp\/v2\/posts"}],"about":[{"href":"https:\/\/oasisfm935.com.ar\/site\/wp-json\/wp\/v2\/types\/post"}],"author":[{"embeddable":true,"href":"https:\/\/oasisfm935.com.ar\/site\/wp-json\/wp\/v2\/users\/4"}],"replies":[{"embeddable":true,"href":"https:\/\/oasisfm935.com.ar\/site\/wp-json\/wp\/v2\/comments?post=3689"}],"version-history":[{"count":3,"href":"https:\/\/oasisfm935.com.ar\/site\/wp-json\/wp\/v2\/posts\/3689\/revisions"}],"predecessor-version":[{"id":3704,"href":"https:\/\/oasisfm935.com.ar\/site\/wp-json\/wp\/v2\/posts\/3689\/revisions\/3704"}],"wp:featuredmedia":[{"embeddable":true,"href":"https:\/\/oasisfm935.com.ar\/site\/wp-json\/wp\/v2\/media\/3700"}],"wp:attachment":[{"href":"https:\/\/oasisfm935.com.ar\/site\/wp-json\/wp\/v2\/media?parent=3689"}],"wp:term":[{"taxonomy":"category","embeddable":true,"href":"https:\/\/oasisfm935.com.ar\/site\/wp-json\/wp\/v2\/categories?post=3689"},{"taxonomy":"post_tag","embeddable":true,"href":"https:\/\/oasisfm935.com.ar\/site\/wp-json\/wp\/v2\/tags?post=3689"}],"curies":[{"name":"wp","href":"https:\/\/api.w.org\/{rel}","templated":true}]}}