{"id":3710,"date":"2020-03-10T12:32:03","date_gmt":"2020-03-10T15:32:03","guid":{"rendered":"http:\/\/oasisfm935.com\/site\/?p=3710"},"modified":"2020-03-10T12:44:56","modified_gmt":"2020-03-10T15:44:56","slug":"el-presidente-de-la-cooperativa-marcelo-tarditti-se-reunio-con-la-intendenta-patricia-lavin","status":"publish","type":"post","link":"https:\/\/oasisfm935.com.ar\/site\/el-presidente-de-la-cooperativa-marcelo-tarditti-se-reunio-con-la-intendenta-patricia-lavin\/","title":{"rendered":"El Presidente de la Cooperativa Marcelo Tarditti se reuni\u00f3 con la Intendenta  Patricia Lavin"},"content":{"rendered":"<div><\/div>\n<div><strong>\u00a0Estuvimos reunidos con la se\u00f1ora intendenta Patricia Lavin y el Presidente del Consejo Deliberante, Juango\u00a0 Gorordo , la verdad es que es la segunda vez que estamos en contacto con la Intendenta y con el resto del personal del Municipio, y este a\u00f1o hay mucho trabajo, hay muchos anuncios a trav\u00e9s de la Cooperativa.<\/strong><\/div>\n<div><\/div>\n<div><\/div>\n<div><em>Y estuvimos en varias oportunidades en Santa Rosa, hemos estado visitando el A.P.E, y que le hemos enviados unos proyectos tambi\u00e9n, los cuales fueron bien recibidos, y estuvimos en al A.P.A, como vos dec\u00eds, con los proyectos que son todos destinados con el agua de red, llevamos un proyecto para la compra de medidores que tenemos que ir renovando, y algunos otros trabajos.<\/em><\/div>\n<div><\/div>\n<div><\/div>\n<div><em>Y tambi\u00e9n en conjunto con estos pedidos necesitar\u00edamos una mayor infraestructura en la reserva de agua, porque en proporci\u00f3n a la localidad cantidad de agua que tenemos por habitantes de reserva de agua, por ah\u00ed se corre el riesgo cuando tenemos cortes de energ\u00eda ya que por eso nos desabastecemos de agua. Y a estos proyectos los tomaron muy bien, y esta vez se va a poder comprar dos cisternas m\u00e1s para tener mejor almacenamiento y mejor reserva, y va a ser este el primer proyecto que se va a presentar.<\/em><\/div>\n<div><\/div>\n<div><\/div>\n<div><a href=\"http:\/\/oasisfm935.com\/site\/wp-content\/uploads\/2020\/03\/88268552_2879720368778110_380001191473446912_n.jpg\"><img loading=\"lazy\" decoding=\"async\" class=\"alignnone size-full wp-image-3712\" src=\"http:\/\/oasisfm935.com\/site\/wp-content\/uploads\/2020\/03\/88268552_2879720368778110_380001191473446912_n.jpg\" alt=\"\" width=\"942\" height=\"682\" srcset=\"https:\/\/oasisfm935.com.ar\/site\/wp-content\/uploads\/2020\/03\/88268552_2879720368778110_380001191473446912_n.jpg 942w, https:\/\/oasisfm935.com.ar\/site\/wp-content\/uploads\/2020\/03\/88268552_2879720368778110_380001191473446912_n-300x217.jpg 300w, https:\/\/oasisfm935.com.ar\/site\/wp-content\/uploads\/2020\/03\/88268552_2879720368778110_380001191473446912_n-768x556.jpg 768w\" sizes=\"auto, (max-width: 942px) 100vw, 942px\" \/><\/a><\/div>\n<div><\/div>\n<ul>\n<li style=\"text-align: left\">Si bien es cierto que es muy importante estar con el Municipio, porque hay muchas actividades que se desarrollan en conjunto, ya que hay obras que necesitan esa informaci\u00f3n de la Cooperativa o viceversa, que la misma Cooperativa necesite informaci\u00f3n del Municipio, cuando se hacen determinados trabajos. Por eso es necesario el trabajo siempre en conjunto para hacer buenas obras.<\/li>\n<\/ul>\n<p>&nbsp;<\/p>\n<ul>\n<li>Y gracias por este espacio tuyo ya que es urgente que el pueblo sepa cu\u00e1l es el movimiento que hoy est\u00e1 realizando la Cooperativa. Y ya hemos tenido varias reuniones que han salido en todos los medios, en anuncios del Gobernador en el tema de un Plan Estrat\u00e9gico de Energ\u00eda, que esto fue la semana pasada, y que fue el momento en que aprovechamos en hacer la licitaci\u00f3n del A.P.A.<\/li>\n<\/ul>\n<p>&nbsp;<\/p>\n<ul>\n<li>\u00a0Y hemos tenido otras conversaciones con el Gobernador con lo que es Telecomunicaciones, a parte de Empatel. Es decir, son temas largos que esto ser\u00eda para que la sociedad vaya teniendo informaci\u00f3n de lo que estamos haciendo y de lo que estamos participando y a que en las diversas convocatorias siempre estamos a disposici\u00f3n.<\/li>\n<li>Y con el Ejecutivo y el Consejo Deliberante, tenemos concesionada el agua de red del Municipio a la Cooperativa, y cuando nosotros necesitamos hacer alg\u00fan tipo de reajustes tarifarios, tenemos que pedir autorizaci\u00f3n al Consejo para que ellos nos aprueben.<\/li>\n<\/ul>\n<div><a href=\"http:\/\/oasisfm935.com\/site\/wp-content\/uploads\/2020\/03\/0f74489a-4294-4300-8705-7de0321492ef.jpg\"><img loading=\"lazy\" decoding=\"async\" class=\"alignnone size-full wp-image-3714\" src=\"http:\/\/oasisfm935.com\/site\/wp-content\/uploads\/2020\/03\/0f74489a-4294-4300-8705-7de0321492ef.jpg\" alt=\"\" width=\"1280\" height=\"853\" srcset=\"https:\/\/oasisfm935.com.ar\/site\/wp-content\/uploads\/2020\/03\/0f74489a-4294-4300-8705-7de0321492ef.jpg 1280w, https:\/\/oasisfm935.com.ar\/site\/wp-content\/uploads\/2020\/03\/0f74489a-4294-4300-8705-7de0321492ef-300x200.jpg 300w, https:\/\/oasisfm935.com.ar\/site\/wp-content\/uploads\/2020\/03\/0f74489a-4294-4300-8705-7de0321492ef-1024x682.jpg 1024w, https:\/\/oasisfm935.com.ar\/site\/wp-content\/uploads\/2020\/03\/0f74489a-4294-4300-8705-7de0321492ef-768x512.jpg 768w\" sizes=\"auto, (max-width: 1280px) 100vw, 1280px\" \/><\/a><\/div>\n<ul style=\"list-style-type: disc\">\n<li>Si bien la Cooperativa lo \u00fanico que requiere es salvar los costos nada m\u00e1s, pero bueno el caso no es el lucro sino atender el servicio, y que esos costos se puedan cubrir. Y en los \u00faltimos tiempos se fue poniendo dif\u00edcil porque bueno, ya la situaci\u00f3n es dif\u00edcil mantenerla, y sabemos que a sociedad esto le cuesta una moneda m\u00e1s, siempre hay alg\u00fan aumento, pero bueno en esto, nosotros nos pusimos adelante del Legislativo, desde los Concejales, que ellos son los que tienen que decidir el tipo de ajuste, y en cual hoy en d\u00eda se nota, y tambi\u00e9n fuimos convocados por el Consejo Deliberante para que todas estas inquietudes se escuchen.<\/li>\n<\/ul>\n<p>&nbsp;<\/p>\n<ul style=\"list-style-type: disc\">\n<li>Y principalmente informales de d\u00f3nde salen ciertos n\u00fameros. O de cierto porcentaje que requerimos para que se pueda terminar por un saldo positivo, o por los menos no ocasionar perdidas en los balances. Tambi\u00e9n tenemos otros tipos de trabajos con el Municipio, que ya lo halamos anteriormente, que fue la poda de \u00e1rboles de gran porte que por ah\u00ed molestan un poco al cableado, o sea que esto lo hacemos viendo que las plantas se encuentran involucradas en ellos, ya que atrapan el cableado y hay que podarlos. Eso hay que realizarlos en conjunto con el Municipio.<\/li>\n<li><\/li>\n<li>La verdad hay muchas cosas por hablar, por trabajar. En si al a\u00f1o comenz\u00f3 con muchas actividades, y de las reuniones que hemos tenido todas han sido muy favorables, y cualquier cosa nosotros estamos a disposici\u00f3n de los asociados para cualquier tipo de reclamos que necesite, y que se acerque a la Cooperativa, porque la Cooperativa es de todos, es de los asociados, y todos tenemos el derecho de hacer reclamos y de hacer llegar nuestras inquietudes. Desde ya te agradezco el espacio y estamos a tu dislocasen cuando requieras nuestra informaci\u00f3n.<\/li>\n<\/ul>\n<p>&nbsp;<\/p>\n<div><\/div>\n<div><\/div>\n<div>Fotos : Gobierno de Ingeniero Luiggi<\/div>\n<div>\n<div class=\"WI9k4c\">\n<div class=\"GgmXif jY7QFf\">\n<div class=\"DgZBFd\">\n<div class=\"WI9k4c\">\n<div class=\"GgmXif jY7QFf\">\n<div class=\"DgZBFd\"><span data-dobid=\"hdw\">Redacci\u00f3n: Mario Sergio S\u00e1ez<\/span><\/div>\n<\/div>\n<\/div>\n<\/div>\n<\/div>\n<\/div>\n<\/div>\n<div class=\"oasis-despues-del-contenido\" id=\"oasis-3687076015\"><img loading=\"lazy\" decoding=\"async\" src=\"https:\/\/oasisfm935.com.ar\/site\/wp-content\/uploads\/2020\/08\/47806202-8741-49f2-a5c9-d2f930e5baa1.jpg\" alt=\"\"  srcset=\"https:\/\/oasisfm935.com.ar\/site\/wp-content\/uploads\/2020\/08\/47806202-8741-49f2-a5c9-d2f930e5baa1.jpg 1080w, https:\/\/oasisfm935.com.ar\/site\/wp-content\/uploads\/2020\/08\/47806202-8741-49f2-a5c9-d2f930e5baa1-300x300.jpg 300w, https:\/\/oasisfm935.com.ar\/site\/wp-content\/uploads\/2020\/08\/47806202-8741-49f2-a5c9-d2f930e5baa1-1024x1024.jpg 1024w, https:\/\/oasisfm935.com.ar\/site\/wp-content\/uploads\/2020\/08\/47806202-8741-49f2-a5c9-d2f930e5baa1-150x150.jpg 150w, https:\/\/oasisfm935.com.ar\/site\/wp-content\/uploads\/2020\/08\/47806202-8741-49f2-a5c9-d2f930e5baa1-768x768.jpg 768w\" sizes=\"(max-width: 1080px) 100vw, 1080px\" class=\"no-lazyload\" width=\"1080\" height=\"1080\"  style=\"display: inline-block;\" \/><\/div>","protected":false},"excerpt":{"rendered":"<p>\u00a0Estuvimos reunidos con la se\u00f1ora intendenta Patricia Lavin y el Presidente del Consejo Deliberante, Juango\u00a0 Gorordo , la verdad es que es<\/p>\n","protected":false},"author":4,"featured_media":3713,"comment_status":"closed","ping_status":"open","sticky":false,"template":"","format":"standard","meta":{"colormag_page_layout":"default_layout","footnotes":""},"categories":[2],"tags":[],"class_list":["post-3710","post","type-post","status-publish","format-standard","has-post-thumbnail","hentry","category-noticias"],"_links":{"self":[{"href":"https:\/\/oasisfm935.com.ar\/site\/wp-json\/wp\/v2\/posts\/3710","targetHints":{"allow":["GET"]}}],"collection":[{"href":"https:\/\/oasisfm935.com.ar\/site\/wp-json\/wp\/v2\/posts"}],"about":[{"href":"https:\/\/oasisfm935.com.ar\/site\/wp-json\/wp\/v2\/types\/post"}],"author":[{"embeddable":true,"href":"https:\/\/oasisfm935.com.ar\/site\/wp-json\/wp\/v2\/users\/4"}],"replies":[{"embeddable":true,"href":"https:\/\/oasisfm935.com.ar\/site\/wp-json\/wp\/v2\/comments?post=3710"}],"version-history":[{"count":7,"href":"https:\/\/oasisfm935.com.ar\/site\/wp-json\/wp\/v2\/posts\/3710\/revisions"}],"predecessor-version":[{"id":3721,"href":"https:\/\/oasisfm935.com.ar\/site\/wp-json\/wp\/v2\/posts\/3710\/revisions\/3721"}],"wp:featuredmedia":[{"embeddable":true,"href":"https:\/\/oasisfm935.com.ar\/site\/wp-json\/wp\/v2\/media\/3713"}],"wp:attachment":[{"href":"https:\/\/oasisfm935.com.ar\/site\/wp-json\/wp\/v2\/media?parent=3710"}],"wp:term":[{"taxonomy":"category","embeddable":true,"href":"https:\/\/oasisfm935.com.ar\/site\/wp-json\/wp\/v2\/categories?post=3710"},{"taxonomy":"post_tag","embeddable":true,"href":"https:\/\/oasisfm935.com.ar\/site\/wp-json\/wp\/v2\/tags?post=3710"}],"curies":[{"name":"wp","href":"https:\/\/api.w.org\/{rel}","templated":true}]}}