{"id":3724,"date":"2020-03-10T14:00:24","date_gmt":"2020-03-10T17:00:24","guid":{"rendered":"http:\/\/oasisfm935.com\/site\/?p=3724"},"modified":"2020-03-10T14:03:28","modified_gmt":"2020-03-10T17:03:28","slug":"hay-un-caso-sospechoso-de-coronavirus-en-santa-rosa-y-varios-aislados","status":"publish","type":"post","link":"https:\/\/oasisfm935.com.ar\/site\/hay-un-caso-sospechoso-de-coronavirus-en-santa-rosa-y-varios-aislados\/","title":{"rendered":"Hay un caso sospechoso de coronavirus en Santa Rosa y varios aislados"},"content":{"rendered":"<p>Hay un caso sospechoso de coronavirus en La Pampa, inform\u00f3 el Gobierno. Se trata de un santarrose\u00f1o que regres\u00f3 de un viaje de Espa\u00f1a. \u00abSe encuentra en buen estado general, con fiebre. El paciente est\u00e1 con el correspondiente seguimiento y aislamiento de sus contactos estrechos\u00ab, se comunic\u00f3.<\/p>\n<p>Tambi\u00e9n hay otras personas aisladas. \u00abEn la provincia de La Pampa se est\u00e1n siguiendo pacientes que han venido de los pa\u00edses con circulaci\u00f3n activa, a quienes se les ha indicado aislamiento y se les est\u00e1 realizando un seguimiento cl\u00ednico\u00bb, se inform\u00f3. No lo inform\u00f3, pero ser\u00edan entre 30 y 40 los aislados -algunos en sus casas y otros en centros de salud-.<\/p>\n<p>&nbsp;<\/p>\n<p>\u00abLa situaci\u00f3n epidemiolog\u00edca es din\u00e1mica y las acciones que se asumen, basadas en la evidencia cientifica al momento disponible, pueden modificarse seg\u00fan la situaci\u00f3n del pa\u00eds\u00bb, inform\u00f3 Salud.<\/p>\n<p>Adem\u00e1s, dijo que\u00a0por el alerta internacional dado a ra\u00edz de la infecci\u00f3n respiratoria ocasionada por el coronavirus, se ha actualizado la implementaci\u00f3n del protocolo que ya reg\u00eda en la Provincia seg\u00fan la rector\u00eda (recomendaciones y lineamientos) del Ministerio de Salud de la Naci\u00f3n. Por este motivo,\u00a0<strong>anunci\u00f3\u00a0 que aquellas personas que hayan venido de lugares con circulaci\u00f3n viral confirmada, como es el caso de Francia, Espa\u00f1a, Alemania, Italia, Ir\u00e1n, Jap\u00f3n, Corea del Sur o China, y necesiten informaci\u00f3n pertinente, deben llamar al tel\u00e9fono 02954 \u2013 15-604986\u2033, se inform\u00f3.<\/strong><\/p>\n<p>\u00abLas personas que hubieran regresado a Argentina de un viaje internacional habiendo visitado los pa\u00edses mencionados y, dentro de los 14 d\u00edas presenten s\u00edntomas como fiebre, tos, dolor de garganta o dificultad respiratoria, deben comunicarse con su m\u00e9dico de cabecera o al centro de salud que tengan de referencia. Se debe priorizar la llamada telef\u00f3nica antes de concurrir a un Establecimiento Asistencial\u00bb, se inform\u00f3.<\/p>\n<div class=\"google-auto-placed ap_container\"><\/div>\n<p><strong>En las ciudades de General Pico y Santa Rosa se ha impleme<\/strong><\/p>\n<div class=\"oasis-despues-del-contenido\" id=\"oasis-4031491118\"><img loading=\"lazy\" decoding=\"async\" src=\"https:\/\/oasisfm935.com.ar\/site\/wp-content\/uploads\/2020\/08\/47806202-8741-49f2-a5c9-d2f930e5baa1.jpg\" alt=\"\"  srcset=\"https:\/\/oasisfm935.com.ar\/site\/wp-content\/uploads\/2020\/08\/47806202-8741-49f2-a5c9-d2f930e5baa1.jpg 1080w, https:\/\/oasisfm935.com.ar\/site\/wp-content\/uploads\/2020\/08\/47806202-8741-49f2-a5c9-d2f930e5baa1-300x300.jpg 300w, https:\/\/oasisfm935.com.ar\/site\/wp-content\/uploads\/2020\/08\/47806202-8741-49f2-a5c9-d2f930e5baa1-1024x1024.jpg 1024w, https:\/\/oasisfm935.com.ar\/site\/wp-content\/uploads\/2020\/08\/47806202-8741-49f2-a5c9-d2f930e5baa1-150x150.jpg 150w, https:\/\/oasisfm935.com.ar\/site\/wp-content\/uploads\/2020\/08\/47806202-8741-49f2-a5c9-d2f930e5baa1-768x768.jpg 768w\" sizes=\"(max-width: 1080px) 100vw, 1080px\" class=\"no-lazyload\" width=\"1080\" height=\"1080\"  style=\"display: inline-block;\" \/><\/div>","protected":false},"excerpt":{"rendered":"<p>Hay un caso sospechoso de coronavirus en La Pampa, inform\u00f3 el Gobierno. Se trata de un santarrose\u00f1o que regres\u00f3 de un viaje<\/p>\n","protected":false},"author":4,"featured_media":3725,"comment_status":"closed","ping_status":"open","sticky":false,"template":"","format":"standard","meta":{"colormag_page_layout":"default_layout","footnotes":""},"categories":[2],"tags":[],"class_list":["post-3724","post","type-post","status-publish","format-standard","has-post-thumbnail","hentry","category-noticias"],"_links":{"self":[{"href":"https:\/\/oasisfm935.com.ar\/site\/wp-json\/wp\/v2\/posts\/3724","targetHints":{"allow":["GET"]}}],"collection":[{"href":"https:\/\/oasisfm935.com.ar\/site\/wp-json\/wp\/v2\/posts"}],"about":[{"href":"https:\/\/oasisfm935.com.ar\/site\/wp-json\/wp\/v2\/types\/post"}],"author":[{"embeddable":true,"href":"https:\/\/oasisfm935.com.ar\/site\/wp-json\/wp\/v2\/users\/4"}],"replies":[{"embeddable":true,"href":"https:\/\/oasisfm935.com.ar\/site\/wp-json\/wp\/v2\/comments?post=3724"}],"version-history":[{"count":2,"href":"https:\/\/oasisfm935.com.ar\/site\/wp-json\/wp\/v2\/posts\/3724\/revisions"}],"predecessor-version":[{"id":3727,"href":"https:\/\/oasisfm935.com.ar\/site\/wp-json\/wp\/v2\/posts\/3724\/revisions\/3727"}],"wp:featuredmedia":[{"embeddable":true,"href":"https:\/\/oasisfm935.com.ar\/site\/wp-json\/wp\/v2\/media\/3725"}],"wp:attachment":[{"href":"https:\/\/oasisfm935.com.ar\/site\/wp-json\/wp\/v2\/media?parent=3724"}],"wp:term":[{"taxonomy":"category","embeddable":true,"href":"https:\/\/oasisfm935.com.ar\/site\/wp-json\/wp\/v2\/categories?post=3724"},{"taxonomy":"post_tag","embeddable":true,"href":"https:\/\/oasisfm935.com.ar\/site\/wp-json\/wp\/v2\/tags?post=3724"}],"curies":[{"name":"wp","href":"https:\/\/api.w.org\/{rel}","templated":true}]}}