{"id":3728,"date":"2020-03-10T16:10:11","date_gmt":"2020-03-10T19:10:11","guid":{"rendered":"http:\/\/oasisfm935.com\/site\/?p=3728"},"modified":"2020-03-10T16:15:24","modified_gmt":"2020-03-10T19:15:24","slug":"tenemos-que-hacernos-cargo-de-la-problematica-de-los-agroquimicos","status":"publish","type":"post","link":"https:\/\/oasisfm935.com.ar\/site\/tenemos-que-hacernos-cargo-de-la-problematica-de-los-agroquimicos\/","title":{"rendered":"\u201cTENEMOS QUE HACERNOS CARGO DE LA PROBLEM\u00c1TICA DE LOS AGROQU\u00cdMICOS\u201d"},"content":{"rendered":"<p>La intendenta de Ingeniero Luiggi, Patricia Lav\u00edn, reconoci\u00f3 que los jefes comunales deben controlar a los productores agropecuarios. Pidi\u00f3 una modificaci\u00f3n para que se permita la asociaci\u00f3n entre localidades para solventar la estructura de contralor.<\/p>\n<p>Lavin dijo que \u201cesta ley tiene un punto que nos involucrara a los municipios porque nos da la potestad de la fiscalizaci\u00f3n. Creo que no hay margen para que los intendentes no nos hagamos cargo de esto\u201d.<ins class=\"adsbygoogle\" data-ad-client=\"ca-pub-7250018434179914\" data-ad-slot=\"1040343543\" data-adsbygoogle-status=\"done\"><ins id=\"aswift_1_expand\"><ins id=\"aswift_1_anchor\"><\/ins><\/ins><\/ins><\/p>\n<p><strong>\u2013 \u00bfPueden hacerlo?<\/strong><\/p>\n<p>Los municipios debemos hacernos cargo del control, somos los que tenemos el trabajo territorial, los que escuchamos a los habitantes, a los productores y debemos pensar en preservar el medioambiente.<\/p>\n<p><strong>\u2013 \u00bfY tienen c\u00f3mo?<\/strong><\/p>\n<p>\u2013 Hay que buscar alternativas para que los municipios m\u00e1s peque\u00f1os o las comisiones de fomento, que no tenemos posibilidad de montar una estructura para fiscalizar o monitorear la ejecuci\u00f3n de la ley, podamos asociarnos. Vamos a enviar una propuesta para que se nos permita armar una estructura que podamos compartir con varias localidades para poder solventarla.<\/p>\n<p><strong>\u2013 \u00bfSe pueden prohibir los agroqu\u00edmicos?<\/strong><\/p>\n<p>\u2013 Ahora lo que se puede hacer es tomar una postura intermedia. La ley apunta a regular el uso de plaguicidas. El gobierno es claro en que por sobre todas las cosas, hay que cuidar la salud\u201d, indic\u00f3.<\/p>\n<p><strong>\u2013 \u00bfY en el futuro?<\/strong><\/p>\n<p>\u2013 Quiz\u00e1s en muchos a\u00f1os podamos pensar en la prohibici\u00f3n, pero creo que hoy no es posible, hoy tenemos que buscar una salida intermedia. Hace 10 a\u00f1os era impensable pensar en estas distancias y quiz\u00e1s en 10 a\u00f1os m\u00e1s estemos hablando de la prohibici\u00f3n.<\/p>\n<p><strong>\u2013 \u00bfEst\u00e1 de acuerdo con las distancias?<\/strong><\/p>\n<p>\u2013 Creo que los 500 metros para la terrestre y los 3.000 para la fumigaci\u00f3n a\u00e9rea, son las distancias adecuadas. Esta ley implica ampliar a\u00fan m\u00e1s la protecci\u00f3n de las zonas urbanas y periurbanas.<\/p>\n<div class=\"oasis-despues-del-contenido\" id=\"oasis-3147236971\"><img loading=\"lazy\" decoding=\"async\" src=\"https:\/\/oasisfm935.com.ar\/site\/wp-content\/uploads\/2020\/08\/47806202-8741-49f2-a5c9-d2f930e5baa1.jpg\" alt=\"\"  srcset=\"https:\/\/oasisfm935.com.ar\/site\/wp-content\/uploads\/2020\/08\/47806202-8741-49f2-a5c9-d2f930e5baa1.jpg 1080w, https:\/\/oasisfm935.com.ar\/site\/wp-content\/uploads\/2020\/08\/47806202-8741-49f2-a5c9-d2f930e5baa1-300x300.jpg 300w, https:\/\/oasisfm935.com.ar\/site\/wp-content\/uploads\/2020\/08\/47806202-8741-49f2-a5c9-d2f930e5baa1-1024x1024.jpg 1024w, https:\/\/oasisfm935.com.ar\/site\/wp-content\/uploads\/2020\/08\/47806202-8741-49f2-a5c9-d2f930e5baa1-150x150.jpg 150w, https:\/\/oasisfm935.com.ar\/site\/wp-content\/uploads\/2020\/08\/47806202-8741-49f2-a5c9-d2f930e5baa1-768x768.jpg 768w\" sizes=\"(max-width: 1080px) 100vw, 1080px\" class=\"no-lazyload\" width=\"1080\" height=\"1080\"  style=\"display: inline-block;\" \/><\/div>","protected":false},"excerpt":{"rendered":"<p>La intendenta de Ingeniero Luiggi, Patricia Lav\u00edn, reconoci\u00f3 que los jefes comunales deben controlar a los productores agropecuarios. Pidi\u00f3 una modificaci\u00f3n para<\/p>\n","protected":false},"author":4,"featured_media":3729,"comment_status":"closed","ping_status":"open","sticky":false,"template":"","format":"standard","meta":{"colormag_page_layout":"default_layout","footnotes":""},"categories":[2],"tags":[],"class_list":["post-3728","post","type-post","status-publish","format-standard","has-post-thumbnail","hentry","category-noticias"],"_links":{"self":[{"href":"https:\/\/oasisfm935.com.ar\/site\/wp-json\/wp\/v2\/posts\/3728","targetHints":{"allow":["GET"]}}],"collection":[{"href":"https:\/\/oasisfm935.com.ar\/site\/wp-json\/wp\/v2\/posts"}],"about":[{"href":"https:\/\/oasisfm935.com.ar\/site\/wp-json\/wp\/v2\/types\/post"}],"author":[{"embeddable":true,"href":"https:\/\/oasisfm935.com.ar\/site\/wp-json\/wp\/v2\/users\/4"}],"replies":[{"embeddable":true,"href":"https:\/\/oasisfm935.com.ar\/site\/wp-json\/wp\/v2\/comments?post=3728"}],"version-history":[{"count":2,"href":"https:\/\/oasisfm935.com.ar\/site\/wp-json\/wp\/v2\/posts\/3728\/revisions"}],"predecessor-version":[{"id":3731,"href":"https:\/\/oasisfm935.com.ar\/site\/wp-json\/wp\/v2\/posts\/3728\/revisions\/3731"}],"wp:featuredmedia":[{"embeddable":true,"href":"https:\/\/oasisfm935.com.ar\/site\/wp-json\/wp\/v2\/media\/3729"}],"wp:attachment":[{"href":"https:\/\/oasisfm935.com.ar\/site\/wp-json\/wp\/v2\/media?parent=3728"}],"wp:term":[{"taxonomy":"category","embeddable":true,"href":"https:\/\/oasisfm935.com.ar\/site\/wp-json\/wp\/v2\/categories?post=3728"},{"taxonomy":"post_tag","embeddable":true,"href":"https:\/\/oasisfm935.com.ar\/site\/wp-json\/wp\/v2\/tags?post=3728"}],"curies":[{"name":"wp","href":"https:\/\/api.w.org\/{rel}","templated":true}]}}