{"id":3757,"date":"2020-03-12T13:03:02","date_gmt":"2020-03-12T16:03:02","guid":{"rendered":"http:\/\/oasisfm935.com\/site\/?p=3757"},"modified":"2020-03-12T13:03:28","modified_gmt":"2020-03-12T16:03:28","slug":"coronavirus-el-gobernador-declaro-el-estado-de-maxima-alerta-sanitaria-en-la-pampa","status":"publish","type":"post","link":"https:\/\/oasisfm935.com.ar\/site\/coronavirus-el-gobernador-declaro-el-estado-de-maxima-alerta-sanitaria-en-la-pampa\/","title":{"rendered":"Coronavirus: el gobernador declar\u00f3 el \u00abestado de m\u00e1xima alerta sanitaria\u00bb en La Pampa"},"content":{"rendered":"<p>En una conferencia de prensa, el Gobernador de La Pampa, Sergio Ziliotto, comunic\u00f3 que se declar\u00f3 el \u201cestado de m\u00e1xima alerta sanitaria en La Pampa\u201d lo que \u201csignifica seguir profundizando la prevenci\u00f3n\u201d.<\/p>\n<p>\u201cEn La Pampa no hay casos comprobados de Coronavirus y hay 3 casos en estudio\u201d, dijo al tiempo que anunci\u00f3 la conformaci\u00f3n de un comit\u00e9 de crisis, presidido por el gobernador e integrado por todo gabinete provincial.<\/p>\n<p>Ziliotto en medio de un informe de estado de situaci\u00f3n en La Pampa anunci\u00f3 un decreto que firm\u00f3 el d\u00eda de hoy con varias medidas preventivas.<\/p>\n<ul>\n<li><strong>Se suspendi\u00f3 la temporada de caza en La Pampa.<\/strong><\/li>\n<li><strong>Se puso en cuarentena los coto de caza.<\/strong><\/li>\n<li><strong>Ser\u00e1 obligatorio que los empleados p\u00fablicos que hayan venido del exterior no vayan a trabajar durante 14 d\u00edas.<\/strong><\/li>\n<li><strong>Suspensi\u00f3n de actos oficiales que tengan car\u00e1cter de masividad por 90 d\u00edas.<\/strong><\/li>\n<li><strong>Invitaron a los privados a sumarse a suspender la actividades de p\u00fablico masivas.<\/strong><\/li>\n<li><strong>Se invit\u00f3 al \u00e1mbito judicial, legislativo y municipal a adherirse a la iniciativa.<\/strong><em>Adem\u00e1s asegur\u00f3 que habr\u00e1 una comunicaci\u00f3n oficial diaria sobre el mediod\u00eda para informar a la sociedad pampeana sobre la situaci\u00f3n.<\/em>Asegur\u00f3 que \u201cen La Pampa no hay casos comprobados de Coronavirus, pero si hay tres casos en estudio\u201d.\n<p><strong>En relaci\u00f3n a la posibilidad de suspender las clases dijo que \u00abla situaci\u00f3n cambia minuto a minuto\u00bb y la decisi\u00f3n corresponder\u00e1 al ministerio de Educaci\u00f3n de la Naci\u00f3n.<\/strong><\/p>\n<p>https:\/\/www.youtube.com\/watch?time_continue=15&amp;v=etaHrKOGLD8&amp;feature=emb_title<\/li>\n<\/ul>\n<p>&nbsp;<\/p>\n<p>info pico<\/p>\n<div class=\"oasis-despues-del-contenido\" id=\"oasis-1414358629\"><img loading=\"lazy\" decoding=\"async\" src=\"https:\/\/oasisfm935.com.ar\/site\/wp-content\/uploads\/2020\/08\/47806202-8741-49f2-a5c9-d2f930e5baa1.jpg\" alt=\"\"  srcset=\"https:\/\/oasisfm935.com.ar\/site\/wp-content\/uploads\/2020\/08\/47806202-8741-49f2-a5c9-d2f930e5baa1.jpg 1080w, https:\/\/oasisfm935.com.ar\/site\/wp-content\/uploads\/2020\/08\/47806202-8741-49f2-a5c9-d2f930e5baa1-300x300.jpg 300w, https:\/\/oasisfm935.com.ar\/site\/wp-content\/uploads\/2020\/08\/47806202-8741-49f2-a5c9-d2f930e5baa1-1024x1024.jpg 1024w, https:\/\/oasisfm935.com.ar\/site\/wp-content\/uploads\/2020\/08\/47806202-8741-49f2-a5c9-d2f930e5baa1-150x150.jpg 150w, https:\/\/oasisfm935.com.ar\/site\/wp-content\/uploads\/2020\/08\/47806202-8741-49f2-a5c9-d2f930e5baa1-768x768.jpg 768w\" sizes=\"(max-width: 1080px) 100vw, 1080px\" class=\"no-lazyload\" width=\"1080\" height=\"1080\"  style=\"display: inline-block;\" \/><\/div>","protected":false},"excerpt":{"rendered":"<p>En una conferencia de prensa, el Gobernador de La Pampa, Sergio Ziliotto, comunic\u00f3 que se declar\u00f3 el \u201cestado de m\u00e1xima alerta sanitaria<\/p>\n","protected":false},"author":4,"featured_media":3758,"comment_status":"closed","ping_status":"open","sticky":false,"template":"","format":"standard","meta":{"colormag_page_layout":"default_layout","footnotes":""},"categories":[2],"tags":[],"class_list":["post-3757","post","type-post","status-publish","format-standard","has-post-thumbnail","hentry","category-noticias"],"_links":{"self":[{"href":"https:\/\/oasisfm935.com.ar\/site\/wp-json\/wp\/v2\/posts\/3757","targetHints":{"allow":["GET"]}}],"collection":[{"href":"https:\/\/oasisfm935.com.ar\/site\/wp-json\/wp\/v2\/posts"}],"about":[{"href":"https:\/\/oasisfm935.com.ar\/site\/wp-json\/wp\/v2\/types\/post"}],"author":[{"embeddable":true,"href":"https:\/\/oasisfm935.com.ar\/site\/wp-json\/wp\/v2\/users\/4"}],"replies":[{"embeddable":true,"href":"https:\/\/oasisfm935.com.ar\/site\/wp-json\/wp\/v2\/comments?post=3757"}],"version-history":[{"count":2,"href":"https:\/\/oasisfm935.com.ar\/site\/wp-json\/wp\/v2\/posts\/3757\/revisions"}],"predecessor-version":[{"id":3760,"href":"https:\/\/oasisfm935.com.ar\/site\/wp-json\/wp\/v2\/posts\/3757\/revisions\/3760"}],"wp:featuredmedia":[{"embeddable":true,"href":"https:\/\/oasisfm935.com.ar\/site\/wp-json\/wp\/v2\/media\/3758"}],"wp:attachment":[{"href":"https:\/\/oasisfm935.com.ar\/site\/wp-json\/wp\/v2\/media?parent=3757"}],"wp:term":[{"taxonomy":"category","embeddable":true,"href":"https:\/\/oasisfm935.com.ar\/site\/wp-json\/wp\/v2\/categories?post=3757"},{"taxonomy":"post_tag","embeddable":true,"href":"https:\/\/oasisfm935.com.ar\/site\/wp-json\/wp\/v2\/tags?post=3757"}],"curies":[{"name":"wp","href":"https:\/\/api.w.org\/{rel}","templated":true}]}}