{"id":3764,"date":"2020-03-13T11:59:07","date_gmt":"2020-03-13T14:59:07","guid":{"rendered":"http:\/\/oasisfm935.com\/site\/?p=3764"},"modified":"2020-03-13T12:01:29","modified_gmt":"2020-03-13T15:01:29","slug":"coronavirus-el-gobierno-de-ingeniero-luiggi-adhirio-al-decreto-provincial-n-521-20","status":"publish","type":"post","link":"https:\/\/oasisfm935.com.ar\/site\/coronavirus-el-gobierno-de-ingeniero-luiggi-adhirio-al-decreto-provincial-n-521-20\/","title":{"rendered":"CORONAVIRUS: EL GOBIERNO DE INGENIERO LUIGGI  ADHIRI\u00d3 AL DECRETO PROVINCIAL N\u00b0 521\/20"},"content":{"rendered":"<p>El Gobierno Local informa que se adhiere mediante Resoluci\u00f3n Municipal al Decreto Provincial N\u00b0 521 del Gobierno de La Pampa que declara el estado de M\u00c1XIMA ALERTA SANITARIA con el objetivo de sensibilizar la vigilancia epidemiol\u00f3gica del Coronavirus.<\/p>\n<p>Que se suspende y proh\u00edbido por el t\u00e9rmino de 90 d\u00edas en toda la Provincia EVENTOS P\u00daBLICOS de concurrencia masiva de personas.<\/p>\n<p>Que se invita al SECTOR PRIVADA a adherirse a estas medidas<span class=\"text_exposed_show\"><br \/>\npara garantizar la salud de todos los luiggenses.<\/span><\/p>\n<p><span class=\"text_exposed_show\"><a href=\"http:\/\/oasisfm935.com\/site\/wp-content\/uploads\/2020\/03\/89427363_2888475661235914_2423774032248700928_n.png\"><img loading=\"lazy\" decoding=\"async\" class=\"alignnone size-full wp-image-3765\" src=\"http:\/\/oasisfm935.com\/site\/wp-content\/uploads\/2020\/03\/89427363_2888475661235914_2423774032248700928_n.png\" alt=\"\" width=\"938\" height=\"653\" srcset=\"https:\/\/oasisfm935.com.ar\/site\/wp-content\/uploads\/2020\/03\/89427363_2888475661235914_2423774032248700928_n.png 938w, https:\/\/oasisfm935.com.ar\/site\/wp-content\/uploads\/2020\/03\/89427363_2888475661235914_2423774032248700928_n-300x209.png 300w, https:\/\/oasisfm935.com.ar\/site\/wp-content\/uploads\/2020\/03\/89427363_2888475661235914_2423774032248700928_n-768x535.png 768w\" sizes=\"auto, (max-width: 938px) 100vw, 938px\" \/><\/a><\/span><\/p>\n<div class=\"oasis-despues-del-contenido\" id=\"oasis-192948854\"><img loading=\"lazy\" decoding=\"async\" src=\"https:\/\/oasisfm935.com.ar\/site\/wp-content\/uploads\/2020\/08\/47806202-8741-49f2-a5c9-d2f930e5baa1.jpg\" alt=\"\"  srcset=\"https:\/\/oasisfm935.com.ar\/site\/wp-content\/uploads\/2020\/08\/47806202-8741-49f2-a5c9-d2f930e5baa1.jpg 1080w, https:\/\/oasisfm935.com.ar\/site\/wp-content\/uploads\/2020\/08\/47806202-8741-49f2-a5c9-d2f930e5baa1-300x300.jpg 300w, https:\/\/oasisfm935.com.ar\/site\/wp-content\/uploads\/2020\/08\/47806202-8741-49f2-a5c9-d2f930e5baa1-1024x1024.jpg 1024w, https:\/\/oasisfm935.com.ar\/site\/wp-content\/uploads\/2020\/08\/47806202-8741-49f2-a5c9-d2f930e5baa1-150x150.jpg 150w, https:\/\/oasisfm935.com.ar\/site\/wp-content\/uploads\/2020\/08\/47806202-8741-49f2-a5c9-d2f930e5baa1-768x768.jpg 768w\" sizes=\"(max-width: 1080px) 100vw, 1080px\" class=\"no-lazyload\" width=\"1080\" height=\"1080\"  style=\"display: inline-block;\" \/><\/div>","protected":false},"excerpt":{"rendered":"<p>El Gobierno Local informa que se adhiere mediante Resoluci\u00f3n Municipal al Decreto Provincial N\u00b0 521 del Gobierno de La Pampa que declara<\/p>\n","protected":false},"author":4,"featured_media":3626,"comment_status":"closed","ping_status":"open","sticky":false,"template":"","format":"standard","meta":{"colormag_page_layout":"default_layout","footnotes":""},"categories":[2],"tags":[],"class_list":["post-3764","post","type-post","status-publish","format-standard","has-post-thumbnail","hentry","category-noticias"],"_links":{"self":[{"href":"https:\/\/oasisfm935.com.ar\/site\/wp-json\/wp\/v2\/posts\/3764","targetHints":{"allow":["GET"]}}],"collection":[{"href":"https:\/\/oasisfm935.com.ar\/site\/wp-json\/wp\/v2\/posts"}],"about":[{"href":"https:\/\/oasisfm935.com.ar\/site\/wp-json\/wp\/v2\/types\/post"}],"author":[{"embeddable":true,"href":"https:\/\/oasisfm935.com.ar\/site\/wp-json\/wp\/v2\/users\/4"}],"replies":[{"embeddable":true,"href":"https:\/\/oasisfm935.com.ar\/site\/wp-json\/wp\/v2\/comments?post=3764"}],"version-history":[{"count":2,"href":"https:\/\/oasisfm935.com.ar\/site\/wp-json\/wp\/v2\/posts\/3764\/revisions"}],"predecessor-version":[{"id":3767,"href":"https:\/\/oasisfm935.com.ar\/site\/wp-json\/wp\/v2\/posts\/3764\/revisions\/3767"}],"wp:featuredmedia":[{"embeddable":true,"href":"https:\/\/oasisfm935.com.ar\/site\/wp-json\/wp\/v2\/media\/3626"}],"wp:attachment":[{"href":"https:\/\/oasisfm935.com.ar\/site\/wp-json\/wp\/v2\/media?parent=3764"}],"wp:term":[{"taxonomy":"category","embeddable":true,"href":"https:\/\/oasisfm935.com.ar\/site\/wp-json\/wp\/v2\/categories?post=3764"},{"taxonomy":"post_tag","embeddable":true,"href":"https:\/\/oasisfm935.com.ar\/site\/wp-json\/wp\/v2\/tags?post=3764"}],"curies":[{"name":"wp","href":"https:\/\/api.w.org\/{rel}","templated":true}]}}